{"id":25029,"date":"2023-11-27T15:31:44","date_gmt":"2023-11-27T14:31:44","guid":{"rendered":"https:\/\/miastoinspiracji.lublin.eu\/?p=25029"},"modified":"2023-11-27T15:55:18","modified_gmt":"2023-11-27T14:55:18","slug":"szefowie-kuchni-miejsc-inspiracji-w-jury-konkursu-kulinarnego-dla-studentow","status":"publish","type":"post","link":"https:\/\/miastoinspiracji.lublin.eu\/en\/miejsca-inspiracji\/szefowie-kuchni-miejsc-inspiracji-w-jury-konkursu-kulinarnego-dla-studentow\/","title":{"rendered":"Szefowie kuchni \u201cMiejsc Inspiracji\u201d w jury konkursu kulinarnego dla student\u00f3w!"},"content":{"rendered":"<div data-elementor-type=\"wp-post\" data-elementor-id=\"25029\" class=\"elementor elementor-25029\" data-elementor-settings=\"{&quot;ha_cmc_init_switcher&quot;:&quot;no&quot;}\" data-elementor-post-type=\"post\">\n\t\t\t\t\t\t<section class=\"elementor-section elementor-top-section elementor-element elementor-element-3d747613 elementor-section-full_width elementor-section-height-default elementor-section-height-default\" data-id=\"3d747613\" data-element_type=\"section\" data-settings=\"{&quot;_ha_eqh_enable&quot;:false}\">\n\t\t\t\t\t\t<div class=\"elementor-container elementor-column-gap-default\">\n\t\t\t\t\t<div class=\"elementor-column elementor-col-100 elementor-top-column elementor-element elementor-element-27646592\" data-id=\"27646592\" data-element_type=\"column\" data-settings=\"{&quot;background_background&quot;:&quot;classic&quot;}\">\n\t\t\t<div class=\"elementor-widget-wrap elementor-element-populated\">\n\t\t\t\t\t<div class=\"elementor-background-overlay\"><\/div>\n\t\t\t\t\t\t<div class=\"elementor-element elementor-element-32f06901 elementor-widget elementor-widget-heading\" data-id=\"32f06901\" data-element_type=\"widget\" data-widget_type=\"heading.default\">\n\t\t\t\t<div class=\"elementor-widget-container\">\n\t\t\t\t\t<h1 class=\"elementor-heading-title elementor-size-xxl\">Szefowie kuchni \u201cMiejsc Inspiracji\u201d w jury konkursu kulinarnego dla student\u00f3w!<\/h1>\t\t\t\t<\/div>\n\t\t\t\t<\/div>\n\t\t\t\t\t<\/div>\n\t\t<\/div>\n\t\t\t\t\t<\/div>\n\t\t<\/section>\n\t\t\t\t<section class=\"elementor-section elementor-top-section elementor-element elementor-element-11217419 elementor-section-content-middle elementor-reverse-mobile elementor-section-boxed elementor-section-height-default elementor-section-height-default\" data-id=\"11217419\" data-element_type=\"section\" data-settings=\"{&quot;_ha_eqh_enable&quot;:false}\">\n\t\t\t\t\t\t<div class=\"elementor-container elementor-column-gap-default\">\n\t\t\t\t\t<div class=\"elementor-column elementor-col-50 elementor-top-column elementor-element elementor-element-20b66260\" data-id=\"20b66260\" data-element_type=\"column\">\n\t\t\t<div class=\"elementor-widget-wrap elementor-element-populated\">\n\t\t\t\t\t\t<div class=\"elementor-element elementor-element-607bf779 elementor-widget elementor-widget-heading\" data-id=\"607bf779\" data-element_type=\"widget\" data-widget_type=\"heading.default\">\n\t\t\t\t<div class=\"elementor-widget-container\">\n\t\t\t\t\t<h2 class=\"elementor-heading-title elementor-size-default\">27 listopada 2023<\/h2>\t\t\t\t<\/div>\n\t\t\t\t<\/div>\n\t\t\t\t\t<\/div>\n\t\t<\/div>\n\t\t\t\t<div class=\"elementor-column elementor-col-50 elementor-top-column elementor-element elementor-element-65c356da\" data-id=\"65c356da\" data-element_type=\"column\">\n\t\t\t<div class=\"elementor-widget-wrap elementor-element-populated\">\n\t\t\t\t\t\t<div class=\"elementor-element elementor-element-33af5c6d d2c-back elementor-absolute elementor-widget elementor-widget-global elementor-global-1591 elementor-widget-heading\" data-id=\"33af5c6d\" data-element_type=\"widget\" data-settings=\"{&quot;_position&quot;:&quot;absolute&quot;}\" data-widget_type=\"heading.default\">\n\t\t\t\t<div class=\"elementor-widget-container\">\n\t\t\t\t\t<h5 class=\"elementor-heading-title elementor-size-default\"><a href=\"#\">go back<\/a><\/h5>\t\t\t\t<\/div>\n\t\t\t\t<\/div>\n\t\t\t\t\t<\/div>\n\t\t<\/div>\n\t\t\t\t\t<\/div>\n\t\t<\/section>\n\t\t\t\t<section class=\"elementor-section elementor-top-section elementor-element elementor-element-6b76c3c7 elementor-section-boxed elementor-section-height-default elementor-section-height-default\" data-id=\"6b76c3c7\" data-element_type=\"section\" data-settings=\"{&quot;_ha_eqh_enable&quot;:false}\">\n\t\t\t\t\t\t<div class=\"elementor-container elementor-column-gap-default\">\n\t\t\t\t\t<div class=\"elementor-column elementor-col-100 elementor-top-column elementor-element elementor-element-2c6ff924\" data-id=\"2c6ff924\" data-element_type=\"column\">\n\t\t\t<div class=\"elementor-widget-wrap elementor-element-populated\">\n\t\t\t\t\t\t<div class=\"elementor-element elementor-element-43a050bc elementor-widget elementor-widget-text-editor\" data-id=\"43a050bc\" data-element_type=\"widget\" data-widget_type=\"text-editor.default\">\n\t\t\t\t<div class=\"elementor-widget-container\">\n\t\t\t\t\t\t\t\t\t<div dir=\"auto\"><strong>W pi\u0105tek, 24 listopada br., w pracowni gastronomicznej <span class=\"x193iq5w xeuugli x13faqbe x1vvkbs x1xmvt09 x1lliihq x1s928wv xhkezso x1gmr53x x1cpjm7i x1fgarty x1943h6x xudqn12 x3x7a5m x6prxxf xvq8zen xo1l8bm xzsf02u x1yc453h\" dir=\"auto\">Uniwersytetu Przyrodniczego w Lublinie, przy ul. Skromnej 8, mia\u0142 miejsce<\/span> konkurs<\/strong><strong> kulinarny<\/strong><strong>, w kt\u00f3rym udzia\u0142 wzi\u0119li studenci kierunku gastronomicznego. Tematem przewodnim, podobnie jak ca\u0142ego Festiwalu Kuchnia Inspiracji, by\u0142 burak, a w jury zasiedli pracownicy Wydzia\u0142u Nauk o \u017bywno\u015bci i Biotechnologii, a tak\u017ce szefowie kuchni lubelskich Miejsc Inspiracji.<\/strong><\/div>\t\t\t\t\t\t\t\t<\/div>\n\t\t\t\t<\/div>\n\t\t\t\t<section class=\"elementor-section elementor-inner-section elementor-element elementor-element-61d2d76a elementor-section-boxed elementor-section-height-default elementor-section-height-default\" data-id=\"61d2d76a\" data-element_type=\"section\" data-settings=\"{&quot;_ha_eqh_enable&quot;:false}\">\n\t\t\t\t\t\t<div class=\"elementor-container elementor-column-gap-default\">\n\t\t\t\t\t<div class=\"elementor-column elementor-col-50 elementor-inner-column elementor-element elementor-element-32565e58\" data-id=\"32565e58\" data-element_type=\"column\">\n\t\t\t<div class=\"elementor-widget-wrap elementor-element-populated\">\n\t\t\t\t\t\t<div class=\"elementor-element elementor-element-69d52ae elementor-widget elementor-widget-image\" data-id=\"69d52ae\" data-element_type=\"widget\" data-widget_type=\"image.default\">\n\t\t\t\t<div class=\"elementor-widget-container\">\n\t\t\t\t\t\t\t\t\t\t\t\t\t\t\t<img fetchpriority=\"high\" decoding=\"async\" width=\"1620\" height=\"1080\" src=\"https:\/\/miastoinspiracji.lublin.eu\/wp-content\/uploads\/2023\/11\/konkurs-kulinarny-33.jpg\" class=\"attachment-full size-full wp-image-25039\" alt=\"Laureaci i jury konkursu na wsp\u00f3lnym zdj\u0119ciu pami\u0105tkowym w pracowni gastronomicznej Uniwersytetu Przyrodniczego\" srcset=\"https:\/\/miastoinspiracji.lublin.eu\/wp-content\/uploads\/2023\/11\/konkurs-kulinarny-33.jpg 1620w, https:\/\/miastoinspiracji.lublin.eu\/wp-content\/uploads\/2023\/11\/konkurs-kulinarny-33-300x200.jpg 300w, https:\/\/miastoinspiracji.lublin.eu\/wp-content\/uploads\/2023\/11\/konkurs-kulinarny-33-1024x683.jpg 1024w, https:\/\/miastoinspiracji.lublin.eu\/wp-content\/uploads\/2023\/11\/konkurs-kulinarny-33-768x512.jpg 768w, https:\/\/miastoinspiracji.lublin.eu\/wp-content\/uploads\/2023\/11\/konkurs-kulinarny-33-1536x1024.jpg 1536w, https:\/\/miastoinspiracji.lublin.eu\/wp-content\/uploads\/2023\/11\/konkurs-kulinarny-33-18x12.jpg 18w\" sizes=\"(max-width: 1620px) 100vw, 1620px\" \/>\t\t\t\t\t\t\t\t\t\t\t\t\t\t\t<\/div>\n\t\t\t\t<\/div>\n\t\t\t\t\t<\/div>\n\t\t<\/div>\n\t\t\t\t<div class=\"elementor-column elementor-col-50 elementor-inner-column elementor-element elementor-element-8039d52\" data-id=\"8039d52\" data-element_type=\"column\">\n\t\t\t<div class=\"elementor-widget-wrap elementor-element-populated\">\n\t\t\t\t\t\t<div class=\"elementor-element elementor-element-39bbdfb elementor-widget__width-initial elementor-widget elementor-widget-text-editor\" data-id=\"39bbdfb\" data-element_type=\"widget\" data-widget_type=\"text-editor.default\">\n\t\t\t\t<div class=\"elementor-widget-container\">\n\t\t\t\t\t\t\t\t\t<div class=\"xdj266r x11i5rnm xat24cr x1mh8g0r x1vvkbs x126k92a\"><div dir=\"auto\">Konkurs by\u0142 oparty live cookingu. <span class=\"x193iq5w xeuugli x13faqbe x1vvkbs x1xmvt09 x1lliihq x1s928wv xhkezso x1gmr53x x1cpjm7i x1fgarty x1943h6x xudqn12 x3x7a5m x6prxxf xvq8zen xo1l8bm xzsf02u x1yc453h\" dir=\"auto\">10 student\u00f3w i studentek zosta\u0142o podzielonych na dwie grupy. Ka\u017cda grupa mia\u0142a 2,5 godziny na przygotowanie swoich potraw. M\u0142odzi kreatorzy smak\u00f3w stworzyli niesamowite dania z burakiem w roli g\u0142\u00f3wnej. Na stole komisji pojawi\u0142y si\u0119 przystawki, dania g\u0142\u00f3wnie, a nawet desery.<\/span><\/div><div dir=\"auto\">\u00a0<\/div><div dir=\"auto\"><span class=\"x193iq5w xeuugli x13faqbe x1vvkbs x1xmvt09 x1lliihq x1s928wv xhkezso x1gmr53x x1cpjm7i x1fgarty x1943h6x xudqn12 x3x7a5m x6prxxf xvq8zen xo1l8bm xzsf02u x1yc453h\" dir=\"auto\">Uczestnik\u00f3w oceniali i wspierali wiedz\u0105 oraz do\u015bwiadczeniem podczas gotowania pracownicy Wydzia\u0142u Nauk o \u017bywno\u015bci i Biotechnologii UP, a tak\u017ce nieocenieni szefowie kuchni w lubelskich restauracjach, kt\u00f3re nosz\u0105 tytu\u0142 Miejsc Inspiracji &#8211; \u0141ukasz Oro\u0144 z <a href=\"https:\/\/miastoinspiracji.lublin.eu\/en\/miejsca_inspiracji\/legendy_miasta\/\"><span class=\"xt0psk2\">Restauracji Legendy Miasta<\/span><\/a>, \u0141ukasz Porowski z <a href=\"https:\/\/miastoinspiracji.lublin.eu\/en\/miejsca-inspiracji\/perlowa-pijalnia-piwa\/\"><span class=\"xt0psk2\">Per\u0142owej Pijalni Piwa<\/span><\/a> i Marcin Szulej z <a href=\"https:\/\/miastoinspiracji.lublin.eu\/en\/miejsca_inspiracji\/kulturalna\/\">Restauracji <span class=\"xt0psk2\">Kulturalna<\/span><\/a>! <\/span><\/div><div dir=\"auto\">\u00a0<\/div><div dir=\"auto\">Decyzj\u0105 jury nagrodzeni zostali:<\/div><\/div><div class=\"x11i5rnm xat24cr x1mh8g0r x1vvkbs xtlvy1s x126k92a\"><div dir=\"auto\"><span class=\"x193iq5w xeuugli x13faqbe x1vvkbs x1xmvt09 x1lliihq x1s928wv xhkezso x1gmr53x x1cpjm7i x1fgarty x1943h6x xudqn12 x3x7a5m x6prxxf xvq8zen xo1l8bm xzsf02u x1yc453h\" dir=\"auto\">I miejsce: Joanna Wanicka &#8211; sernik z burakiem oraz polew\u0105 z bia\u0142ej czekolady i soku z buraka<\/span><\/div><div dir=\"auto\"><span class=\"x193iq5w xeuugli x13faqbe x1vvkbs x1xmvt09 x1lliihq x1s928wv xhkezso x1gmr53x x1cpjm7i x1fgarty x1943h6x xudqn12 x3x7a5m x6prxxf xvq8zen xo1l8bm xzsf02u x1yc453h\" dir=\"auto\">II miejsce: Miko\u0142aj Ociesa &#8211; burger z r\u00f3\u017cow\u0105 bu\u0142k\u0105 z kotletem z buraka i serem w panierce<\/span><\/div><div dir=\"auto\"><span class=\"x193iq5w xeuugli x13faqbe x1vvkbs x1xmvt09 x1lliihq x1s928wv xhkezso x1gmr53x x1cpjm7i x1fgarty x1943h6x xudqn12 x3x7a5m x6prxxf xvq8zen xo1l8bm xzsf02u x1yc453h\" dir=\"auto\">III miejsce: Grzegorz Kr\u00f3lik &#8211; kaczka z burakiem, gruszk\u0105, malinami i orzechami<\/span><\/div><div dir=\"auto\">\u00a0<\/div><\/div><div class=\"x11i5rnm xat24cr x1mh8g0r x1vvkbs xtlvy1s x126k92a\"><div dir=\"auto\"><span class=\"x193iq5w xeuugli x13faqbe x1vvkbs x1xmvt09 x1lliihq x1s928wv xhkezso x1gmr53x x1cpjm7i x1fgarty x1943h6x xudqn12 x3x7a5m x6prxxf xvq8zen xo1l8bm xzsf02u x1yc453h\" dir=\"auto\">Pierwsza tr\u00f3jka otrzyma\u0142a nagrody w postaci profesjonalnych sprz\u0119t\u00f3w kuchennych wysokiej jako\u015bci. Laureatom i wyr\u00f3\u017cnionym gratulujemy, a komisji dzi\u0119kujemy za wsparcie i fachow\u0105 ocen\u0119.<\/span><\/div><\/div>\t\t\t\t\t\t\t\t<\/div>\n\t\t\t\t<\/div>\n\t\t\t\t\t<\/div>\n\t\t<\/div>\n\t\t\t\t\t<\/div>\n\t\t<\/section>\n\t\t\t\t\t<\/div>\n\t\t<\/div>\n\t\t\t\t\t<\/div>\n\t\t<\/section>\n\t\t\t\t<section class=\"elementor-section elementor-top-section elementor-element elementor-element-61327a3 elementor-section-boxed elementor-section-height-default elementor-section-height-default\" data-id=\"61327a3\" data-element_type=\"section\" data-settings=\"{&quot;_ha_eqh_enable&quot;:false}\">\n\t\t\t\t\t\t<div class=\"elementor-container elementor-column-gap-default\">\n\t\t\t\t\t<div class=\"elementor-column elementor-col-100 elementor-top-column elementor-element elementor-element-9d58b7c\" data-id=\"9d58b7c\" data-element_type=\"column\">\n\t\t\t<div class=\"elementor-widget-wrap elementor-element-populated\">\n\t\t\t\t\t\t<div class=\"elementor-element elementor-element-45e6df0 elementor-widget elementor-widget-gallery\" data-id=\"45e6df0\" data-element_type=\"widget\" data-settings=\"{&quot;aspect_ratio&quot;:&quot;1:1&quot;,&quot;lazyload&quot;:&quot;yes&quot;,&quot;gallery_layout&quot;:&quot;grid&quot;,&quot;columns&quot;:4,&quot;columns_tablet&quot;:2,&quot;columns_mobile&quot;:1,&quot;gap&quot;:{&quot;unit&quot;:&quot;px&quot;,&quot;size&quot;:10,&quot;sizes&quot;:[]},&quot;gap_tablet&quot;:{&quot;unit&quot;:&quot;px&quot;,&quot;size&quot;:10,&quot;sizes&quot;:[]},&quot;gap_mobile&quot;:{&quot;unit&quot;:&quot;px&quot;,&quot;size&quot;:10,&quot;sizes&quot;:[]},&quot;link_to&quot;:&quot;file&quot;,&quot;overlay_background&quot;:&quot;yes&quot;,&quot;content_hover_animation&quot;:&quot;fade-in&quot;}\" data-widget_type=\"gallery.default\">\n\t\t\t\t<div class=\"elementor-widget-container\">\n\t\t\t\t\t\t\t<div class=\"elementor-gallery__container\">\n\t\t\t\t\t\t\t<a class=\"e-gallery-item elementor-gallery-item elementor-animated-content\" href=\"https:\/\/miastoinspiracji.lublin.eu\/wp-content\/uploads\/2023\/11\/konkurs-kulinarny-13.jpg\" data-elementor-open-lightbox=\"yes\" data-elementor-lightbox-slideshow=\"45e6df0\" data-elementor-lightbox-title=\"konkurs kulinarny-13\" data-elementor-lightbox-description=\"I miejsce - sernik z burakiem i polew\u0105 z bia\u0142ej czekolady i soku z buraka\" data-e-action-hash=\"#elementor-action%3Aaction%3Dlightbox%26settings%3DeyJpZCI6MjUwMzIsInVybCI6Imh0dHBzOlwvXC9taWFzdG9pbnNwaXJhY2ppLmx1Ymxpbi5ldVwvd3AtY29udGVudFwvdXBsb2Fkc1wvMjAyM1wvMTFcL2tvbmt1cnMta3VsaW5hcm55LTEzLmpwZyIsInNsaWRlc2hvdyI6IjQ1ZTZkZjAifQ%3D%3D\">\n\t\t\t\t\t<div class=\"e-gallery-image elementor-gallery-item__image\" data-thumbnail=\"https:\/\/miastoinspiracji.lublin.eu\/wp-content\/uploads\/2023\/11\/konkurs-kulinarny-13.jpg\" data-width=\"1620\" data-height=\"1080\" aria-label=\"I miejsce - sernik z burakiem i polew\u0105 z bia\u0142ej czekolady i soku z buraka\" role=\"img\" ><\/div>\n\t\t\t\t\t\t\t\t\t\t\t<div class=\"elementor-gallery-item__overlay\"><\/div>\n\t\t\t\t\t\t\t\t\t\t\t\t\t\t<\/a>\n\t\t\t\t\t\t\t<a class=\"e-gallery-item elementor-gallery-item elementor-animated-content\" href=\"https:\/\/miastoinspiracji.lublin.eu\/wp-content\/uploads\/2023\/11\/konkurs-kulinarny-30.jpg\" data-elementor-open-lightbox=\"yes\" data-elementor-lightbox-slideshow=\"45e6df0\" data-elementor-lightbox-title=\"konkurs kulinarny-30\" data-elementor-lightbox-description=\"II miejsce - burger z kotletem buraczanym i serem w panierce\" data-e-action-hash=\"#elementor-action%3Aaction%3Dlightbox%26settings%3DeyJpZCI6MjUwMzcsInVybCI6Imh0dHBzOlwvXC9taWFzdG9pbnNwaXJhY2ppLmx1Ymxpbi5ldVwvd3AtY29udGVudFwvdXBsb2Fkc1wvMjAyM1wvMTFcL2tvbmt1cnMta3VsaW5hcm55LTMwLmpwZyIsInNsaWRlc2hvdyI6IjQ1ZTZkZjAifQ%3D%3D\">\n\t\t\t\t\t<div class=\"e-gallery-image elementor-gallery-item__image\" data-thumbnail=\"https:\/\/miastoinspiracji.lublin.eu\/wp-content\/uploads\/2023\/11\/konkurs-kulinarny-30.jpg\" data-width=\"1080\" data-height=\"1620\" aria-label=\"II miejsce - burger z kotletem buraczanym i serem w panierce trzymany przez kucharza w czarnej koszuli\" role=\"img\" ><\/div>\n\t\t\t\t\t\t\t\t\t\t\t<div class=\"elementor-gallery-item__overlay\"><\/div>\n\t\t\t\t\t\t\t\t\t\t\t\t\t\t<\/a>\n\t\t\t\t\t\t\t<a class=\"e-gallery-item elementor-gallery-item elementor-animated-content\" href=\"https:\/\/miastoinspiracji.lublin.eu\/wp-content\/uploads\/2023\/11\/konkurs-kulinarny-25.jpg\" data-elementor-open-lightbox=\"yes\" data-elementor-lightbox-slideshow=\"45e6df0\" data-elementor-lightbox-title=\"konkurs kulinarny-25\" data-elementor-lightbox-description=\"III miejsce - kaczka z burakiem i gruszk\u0105\" data-e-action-hash=\"#elementor-action%3Aaction%3Dlightbox%26settings%3DeyJpZCI6MjUwMzYsInVybCI6Imh0dHBzOlwvXC9taWFzdG9pbnNwaXJhY2ppLmx1Ymxpbi5ldVwvd3AtY29udGVudFwvdXBsb2Fkc1wvMjAyM1wvMTFcL2tvbmt1cnMta3VsaW5hcm55LTI1LmpwZyIsInNsaWRlc2hvdyI6IjQ1ZTZkZjAifQ%3D%3D\">\n\t\t\t\t\t<div class=\"e-gallery-image elementor-gallery-item__image\" data-thumbnail=\"https:\/\/miastoinspiracji.lublin.eu\/wp-content\/uploads\/2023\/11\/konkurs-kulinarny-25.jpg\" data-width=\"1080\" data-height=\"1620\" aria-label=\"III miejsce - kaczka z burakiem i gruszk\u0105 na szarym talerzu\" role=\"img\" ><\/div>\n\t\t\t\t\t\t\t\t\t\t\t<div class=\"elementor-gallery-item__overlay\"><\/div>\n\t\t\t\t\t\t\t\t\t\t\t\t\t\t<\/a>\n\t\t\t\t\t\t\t<a class=\"e-gallery-item elementor-gallery-item elementor-animated-content\" href=\"https:\/\/miastoinspiracji.lublin.eu\/wp-content\/uploads\/2023\/11\/konkurs-kulinarny-31.jpg\" data-elementor-open-lightbox=\"yes\" data-elementor-lightbox-slideshow=\"45e6df0\" data-elementor-lightbox-title=\"konkurs kulinarny-31\" data-elementor-lightbox-description=\"Szefowie kuchni Miejsc Inspiracji jako jurorzy - \u0141ukasz Porowski i \u0141ukasz Oro\u0144\" data-e-action-hash=\"#elementor-action%3Aaction%3Dlightbox%26settings%3DeyJpZCI6MjUwMzgsInVybCI6Imh0dHBzOlwvXC9taWFzdG9pbnNwaXJhY2ppLmx1Ymxpbi5ldVwvd3AtY29udGVudFwvdXBsb2Fkc1wvMjAyM1wvMTFcL2tvbmt1cnMta3VsaW5hcm55LTMxLmpwZyIsInNsaWRlc2hvdyI6IjQ1ZTZkZjAifQ%3D%3D\">\n\t\t\t\t\t<div class=\"e-gallery-image elementor-gallery-item__image\" data-thumbnail=\"https:\/\/miastoinspiracji.lublin.eu\/wp-content\/uploads\/2023\/11\/konkurs-kulinarny-31.jpg\" data-width=\"1620\" data-height=\"1080\" aria-label=\"Szefowie kuchni Miejsc Inspiracji jako jurorzy - \u0141ukasz Porowski i \u0141ukasz Oro\u0144, pr\u00f3buj\u0105 da\u0144 konkursowych\" role=\"img\" ><\/div>\n\t\t\t\t\t\t\t\t\t\t\t<div class=\"elementor-gallery-item__overlay\"><\/div>\n\t\t\t\t\t\t\t\t\t\t\t\t\t\t<\/a>\n\t\t\t\t\t\t\t<a class=\"e-gallery-item elementor-gallery-item elementor-animated-content\" href=\"https:\/\/miastoinspiracji.lublin.eu\/wp-content\/uploads\/2023\/11\/konkurs-kulinarny-3.jpg\" data-elementor-open-lightbox=\"yes\" data-elementor-lightbox-slideshow=\"45e6df0\" data-elementor-lightbox-title=\"konkurs kulinarny 3\" data-elementor-lightbox-description=\"Szef kuchni, \u0141ukasz Oro\u0144, rozmawia z uczestniczk\u0105 konkursu\" data-e-action-hash=\"#elementor-action%3Aaction%3Dlightbox%26settings%3DeyJpZCI6MjUwMzAsInVybCI6Imh0dHBzOlwvXC9taWFzdG9pbnNwaXJhY2ppLmx1Ymxpbi5ldVwvd3AtY29udGVudFwvdXBsb2Fkc1wvMjAyM1wvMTFcL2tvbmt1cnMta3VsaW5hcm55LTMuanBnIiwic2xpZGVzaG93IjoiNDVlNmRmMCJ9\">\n\t\t\t\t\t<div class=\"e-gallery-image elementor-gallery-item__image\" data-thumbnail=\"https:\/\/miastoinspiracji.lublin.eu\/wp-content\/uploads\/2023\/11\/konkurs-kulinarny-3.jpg\" data-width=\"1080\" data-height=\"1620\" aria-label=\"Szef kuchni, \u0141ukasz Oro\u0144, rozmawia z uczestniczk\u0105 konkursu, przed nimi garnek z unosz\u0105c\u0105 si\u0119 par\u0105 i kilka patelni\" role=\"img\" ><\/div>\n\t\t\t\t\t\t\t\t\t\t\t<div class=\"elementor-gallery-item__overlay\"><\/div>\n\t\t\t\t\t\t\t\t\t\t\t\t\t\t<\/a>\n\t\t\t\t\t\t\t<a class=\"e-gallery-item elementor-gallery-item elementor-animated-content\" href=\"https:\/\/miastoinspiracji.lublin.eu\/wp-content\/uploads\/2023\/11\/konkurs-kulinarny-21.jpg\" data-elementor-open-lightbox=\"yes\" data-elementor-lightbox-slideshow=\"45e6df0\" data-elementor-lightbox-title=\"konkurs kulinarny-21\" data-elementor-lightbox-description=\"Trzech uczestnik\u00f3w konkursu przygotowuj\u0105cych dania\" data-e-action-hash=\"#elementor-action%3Aaction%3Dlightbox%26settings%3DeyJpZCI6MjUwMzUsInVybCI6Imh0dHBzOlwvXC9taWFzdG9pbnNwaXJhY2ppLmx1Ymxpbi5ldVwvd3AtY29udGVudFwvdXBsb2Fkc1wvMjAyM1wvMTFcL2tvbmt1cnMta3VsaW5hcm55LTIxLmpwZyIsInNsaWRlc2hvdyI6IjQ1ZTZkZjAifQ%3D%3D\">\n\t\t\t\t\t<div class=\"e-gallery-image elementor-gallery-item__image\" data-thumbnail=\"https:\/\/miastoinspiracji.lublin.eu\/wp-content\/uploads\/2023\/11\/konkurs-kulinarny-21.jpg\" data-width=\"1620\" data-height=\"1080\" aria-label=\"Trzech uczestnik\u00f3w konkursu przygotowuj\u0105cych dania w pracowni gastronomicznej, ka\u017cdy przy swoim blacie roboczym\" role=\"img\" ><\/div>\n\t\t\t\t\t\t\t\t\t\t\t<div class=\"elementor-gallery-item__overlay\"><\/div>\n\t\t\t\t\t\t\t\t\t\t\t\t\t\t<\/a>\n\t\t\t\t\t\t\t<a class=\"e-gallery-item elementor-gallery-item elementor-animated-content\" href=\"https:\/\/miastoinspiracji.lublin.eu\/wp-content\/uploads\/2023\/11\/konkurs-kulinarny-20.jpg\" data-elementor-open-lightbox=\"yes\" data-elementor-lightbox-slideshow=\"45e6df0\" data-elementor-lightbox-title=\"konkurs kulinarny-20\" data-elementor-lightbox-description=\"Uczestniczka konkursu przygotowuj\u0105ca danie\" data-e-action-hash=\"#elementor-action%3Aaction%3Dlightbox%26settings%3DeyJpZCI6MjUwMzQsInVybCI6Imh0dHBzOlwvXC9taWFzdG9pbnNwaXJhY2ppLmx1Ymxpbi5ldVwvd3AtY29udGVudFwvdXBsb2Fkc1wvMjAyM1wvMTFcL2tvbmt1cnMta3VsaW5hcm55LTIwLmpwZyIsInNsaWRlc2hvdyI6IjQ1ZTZkZjAifQ%3D%3D\">\n\t\t\t\t\t<div class=\"e-gallery-image elementor-gallery-item__image\" data-thumbnail=\"https:\/\/miastoinspiracji.lublin.eu\/wp-content\/uploads\/2023\/11\/konkurs-kulinarny-20.jpg\" data-width=\"1080\" data-height=\"1620\" aria-label=\"Uczestniczka konkursu, ubrana w czarn\u0105 bluzk\u0119 w paski, przygotowuj\u0105ca danie, pochyla si\u0119 nad blatem roboczym i nak\u0142ada dekoracj\u0119 z sera\" role=\"img\" ><\/div>\n\t\t\t\t\t\t\t\t\t\t\t<div class=\"elementor-gallery-item__overlay\"><\/div>\n\t\t\t\t\t\t\t\t\t\t\t\t\t\t<\/a>\n\t\t\t\t\t\t\t<a class=\"e-gallery-item elementor-gallery-item elementor-animated-content\" href=\"https:\/\/miastoinspiracji.lublin.eu\/wp-content\/uploads\/2023\/11\/konkurs-kulinarny-5.jpg\" data-elementor-open-lightbox=\"yes\" data-elementor-lightbox-slideshow=\"45e6df0\" data-elementor-lightbox-title=\"konkurs kulinarny-5\" data-e-action-hash=\"#elementor-action%3Aaction%3Dlightbox%26settings%3DeyJpZCI6MjUwMzEsInVybCI6Imh0dHBzOlwvXC9taWFzdG9pbnNwaXJhY2ppLmx1Ymxpbi5ldVwvd3AtY29udGVudFwvdXBsb2Fkc1wvMjAyM1wvMTFcL2tvbmt1cnMta3VsaW5hcm55LTUuanBnIiwic2xpZGVzaG93IjoiNDVlNmRmMCJ9\">\n\t\t\t\t\t<div class=\"e-gallery-image elementor-gallery-item__image\" data-thumbnail=\"https:\/\/miastoinspiracji.lublin.eu\/wp-content\/uploads\/2023\/11\/konkurs-kulinarny-5.jpg\" data-width=\"1080\" data-height=\"1620\" aria-label=\"Uczestniczka konkursu przygotowuj\u0105ca danie, wycina kszta\u0142ty z rozwa\u0142kowanego ciasta\" role=\"img\" ><\/div>\n\t\t\t\t\t\t\t\t\t\t\t<div class=\"elementor-gallery-item__overlay\"><\/div>\n\t\t\t\t\t\t\t\t\t\t\t\t\t\t<\/a>\n\t\t\t\t\t<\/div>\n\t\t\t\t\t<\/div>\n\t\t\t\t<\/div>\n\t\t\t\t\t<\/div>\n\t\t<\/div>\n\t\t\t\t\t<\/div>\n\t\t<\/section>\n\t\t\t\t<section class=\"elementor-section elementor-top-section elementor-element elementor-element-28aba980 elementor-section-boxed elementor-section-height-default elementor-section-height-default\" data-id=\"28aba980\" data-element_type=\"section\" data-settings=\"{&quot;_ha_eqh_enable&quot;:false}\">\n\t\t\t\t\t\t<div class=\"elementor-container elementor-column-gap-default\">\n\t\t\t\t\t<div class=\"elementor-column elementor-col-100 elementor-top-column elementor-element elementor-element-7ad4773a\" data-id=\"7ad4773a\" data-element_type=\"column\">\n\t\t\t<div class=\"elementor-widget-wrap elementor-element-populated\">\n\t\t\t\t\t\t<div class=\"elementor-element elementor-element-3d1b1f2e elementor-widget elementor-widget-heading\" data-id=\"3d1b1f2e\" data-element_type=\"widget\" data-widget_type=\"heading.default\">\n\t\t\t\t<div class=\"elementor-widget-container\">\n\t\t\t\t\t<h2 class=\"elementor-heading-title elementor-size-default\">Places of Inspiration<\/h2>\t\t\t\t<\/div>\n\t\t\t\t<\/div>\n\t\t\t\t<div class=\"elementor-element elementor-element-dde3e7b elementor-posts--thumbnail-top elementor-grid-3 elementor-grid-tablet-2 elementor-grid-mobile-1 elementor-widget elementor-widget-posts\" data-id=\"dde3e7b\" data-element_type=\"widget\" data-settings=\"{&quot;custom_columns&quot;:&quot;3&quot;,&quot;custom_columns_tablet&quot;:&quot;2&quot;,&quot;custom_columns_mobile&quot;:&quot;1&quot;,&quot;custom_row_gap&quot;:{&quot;unit&quot;:&quot;px&quot;,&quot;size&quot;:35,&quot;sizes&quot;:[]},&quot;custom_row_gap_tablet&quot;:{&quot;unit&quot;:&quot;px&quot;,&quot;size&quot;:&quot;&quot;,&quot;sizes&quot;:[]},&quot;custom_row_gap_mobile&quot;:{&quot;unit&quot;:&quot;px&quot;,&quot;size&quot;:&quot;&quot;,&quot;sizes&quot;:[]}}\" data-widget_type=\"posts.custom\">\n\t\t\t\t<div class=\"elementor-widget-container\">\n\t\t\t\t\t      <div class=\"ecs-posts elementor-posts-container elementor-posts   elementor-grid elementor-posts--skin-custom\" data-settings=\"{&quot;current_page&quot;:1,&quot;max_num_pages&quot;:1,&quot;load_method&quot;:&quot;&quot;,&quot;widget_id&quot;:&quot;dde3e7b&quot;,&quot;post_id&quot;:25029,&quot;theme_id&quot;:25029,&quot;change_url&quot;:false,&quot;reinit_js&quot;:false}\">\n      \t\t<article id=\"post-4365\" class=\"elementor-post elementor-grid-item ecs-post-loop post-4365 miejsca_inspiracji type-miejsca_inspiracji status-publish has-post-thumbnail hentry category-miejsca-inspiracji tag-perlowa\">\n\t\t\t\t<div data-elementor-type=\"loop\" data-elementor-id=\"1263\" class=\"elementor elementor-1263 post-4365 miejsca_inspiracji type-miejsca_inspiracji status-publish has-post-thumbnail hentry category-miejsca-inspiracji tag-perlowa\" data-elementor-settings=\"{&quot;ha_cmc_init_switcher&quot;:&quot;no&quot;}\" data-elementor-post-type=\"elementor_library\">\n\t\t\t\t\t<section data-ha-element-link=\"{&quot;url&quot;:&quot;https:\\\/\\\/miastoinspiracji.lublin.eu\\\/en\\\/miejsca-inspiracji\\\/perlowa-pijalnia-piwa\\\/&quot;,&quot;is_external&quot;:&quot;&quot;,&quot;nofollow&quot;:&quot;&quot;}\" style=\"cursor: pointer\" class=\"elementor-section elementor-top-section elementor-element elementor-element-b501e25 elementor-section-full_width elementor-section-height-default elementor-section-height-default\" data-id=\"b501e25\" data-element_type=\"section\" data-settings=\"{&quot;background_background&quot;:&quot;classic&quot;,&quot;_ha_eqh_enable&quot;:false}\">\n\t\t\t\t\t\t<div class=\"elementor-container elementor-column-gap-default\">\n\t\t\t\t\t<div class=\"elementor-column elementor-col-100 elementor-top-column elementor-element elementor-element-700e3fd\" data-id=\"700e3fd\" data-element_type=\"column\">\n\t\t\t<div class=\"elementor-widget-wrap elementor-element-populated\">\n\t\t\t\t\t\t<div class=\"elementor-element elementor-element-b5dce2d elementor-widget elementor-widget-image\" data-id=\"b5dce2d\" data-element_type=\"widget\" data-widget_type=\"image.default\">\n\t\t\t\t<div class=\"elementor-widget-container\">\n\t\t\t\t\t\t\t\t\t\t\t\t\t\t\t\t<a href=\"https:\/\/miastoinspiracji.lublin.eu\/en\/miejsca-inspiracji\/perlowa-pijalnia-piwa\/\">\n\t\t\t\t\t\t\t<img decoding=\"async\" src=\"https:\/\/miastoinspiracji.lublin.eu\/wp-content\/uploads\/elementor\/thumbs\/Wnetrze-Perlowej-Pijalni-Piwa_2-Copy-pr13t6i1uqz6bejlrh7ftw5739ykrof37r9yxrsxw4.jpg\" title=\"Wn\u0119trze Per\u0142owej Pijalni Piwa_2 (Copy)\" alt=\"Per\u0142owa Pijalnia Piwa\" loading=\"lazy\" \/>\t\t\t\t\t\t\t\t<\/a>\n\t\t\t\t\t\t\t\t\t\t\t\t\t\t\t<\/div>\n\t\t\t\t<\/div>\n\t\t\t\t<div class=\"elementor-element elementor-element-5262a160 elementor-widget elementor-widget-theme-post-title elementor-page-title elementor-widget-heading\" data-id=\"5262a160\" data-element_type=\"widget\" data-widget_type=\"theme-post-title.default\">\n\t\t\t\t<div class=\"elementor-widget-container\">\n\t\t\t\t\t<h4 class=\"elementor-heading-title elementor-size-default\"><a href=\"https:\/\/miastoinspiracji.lublin.eu\/en\/miejsca-inspiracji\/perlowa-pijalnia-piwa\/\">Per\u0142owa Pijalnia Piwa<\/a><\/h4>\t\t\t\t<\/div>\n\t\t\t\t<\/div>\n\t\t\t\t\t<\/div>\n\t\t<\/div>\n\t\t\t\t\t<\/div>\n\t\t<\/section>\n\t\t\t\t<\/div>\n\t\t\t\t<\/article>\n\t\t\t\t<article id=\"post-14020\" class=\"elementor-post elementor-grid-item ecs-post-loop post-14020 miejsca_inspiracji type-miejsca_inspiracji status-publish has-post-thumbnail hentry category-miejsca-inspiracji tag-legendy-miasta\">\n\t\t\t\t<div data-elementor-type=\"loop\" data-elementor-id=\"1263\" class=\"elementor elementor-1263 post-14020 miejsca_inspiracji type-miejsca_inspiracji status-publish has-post-thumbnail hentry category-miejsca-inspiracji tag-legendy-miasta\" data-elementor-settings=\"{&quot;ha_cmc_init_switcher&quot;:&quot;no&quot;}\" data-elementor-post-type=\"elementor_library\">\n\t\t\t\t\t<section data-ha-element-link=\"{&quot;url&quot;:&quot;https:\\\/\\\/miastoinspiracji.lublin.eu\\\/en\\\/miejsca_inspiracji\\\/legendy_miasta\\\/&quot;,&quot;is_external&quot;:&quot;&quot;,&quot;nofollow&quot;:&quot;&quot;}\" style=\"cursor: pointer\" class=\"elementor-section elementor-top-section elementor-element elementor-element-b501e25 elementor-section-full_width elementor-section-height-default elementor-section-height-default\" data-id=\"b501e25\" data-element_type=\"section\" data-settings=\"{&quot;background_background&quot;:&quot;classic&quot;,&quot;_ha_eqh_enable&quot;:false}\">\n\t\t\t\t\t\t<div class=\"elementor-container elementor-column-gap-default\">\n\t\t\t\t\t<div class=\"elementor-column elementor-col-100 elementor-top-column elementor-element elementor-element-700e3fd\" data-id=\"700e3fd\" data-element_type=\"column\">\n\t\t\t<div class=\"elementor-widget-wrap elementor-element-populated\">\n\t\t\t\t\t\t<div class=\"elementor-element elementor-element-b5dce2d elementor-widget elementor-widget-image\" data-id=\"b5dce2d\" data-element_type=\"widget\" data-widget_type=\"image.default\">\n\t\t\t\t<div class=\"elementor-widget-container\">\n\t\t\t\t\t\t\t\t\t\t\t\t\t\t\t\t<a href=\"https:\/\/miastoinspiracji.lublin.eu\/en\/miejsca_inspiracji\/legendy_miasta\/\">\n\t\t\t\t\t\t\t<img decoding=\"async\" src=\"https:\/\/miastoinspiracji.lublin.eu\/wp-content\/uploads\/elementor\/thumbs\/WAG9487-HDR-Copy-p9fa1dlwrltat1ot9lqtjd63nm6v3xcce808ksscd0.jpg\" title=\"_WAG9487-HDR (Copy)\" alt=\"Legendy Miasta\" loading=\"lazy\" \/>\t\t\t\t\t\t\t\t<\/a>\n\t\t\t\t\t\t\t\t\t\t\t\t\t\t\t<\/div>\n\t\t\t\t<\/div>\n\t\t\t\t<div class=\"elementor-element elementor-element-5262a160 elementor-widget elementor-widget-theme-post-title elementor-page-title elementor-widget-heading\" data-id=\"5262a160\" data-element_type=\"widget\" data-widget_type=\"theme-post-title.default\">\n\t\t\t\t<div class=\"elementor-widget-container\">\n\t\t\t\t\t<h4 class=\"elementor-heading-title elementor-size-default\"><a href=\"https:\/\/miastoinspiracji.lublin.eu\/en\/miejsca_inspiracji\/legendy_miasta\/\">Legendy Miasta<\/a><\/h4>\t\t\t\t<\/div>\n\t\t\t\t<\/div>\n\t\t\t\t\t<\/div>\n\t\t<\/div>\n\t\t\t\t\t<\/div>\n\t\t<\/section>\n\t\t\t\t<\/div>\n\t\t\t\t<\/article>\n\t\t\t\t<article id=\"post-24238\" class=\"elementor-post elementor-grid-item ecs-post-loop post-24238 miejsca_inspiracji type-miejsca_inspiracji status-publish has-post-thumbnail hentry category-miejsca-inspiracji tag-kulturalna\">\n\t\t\t\t<div data-elementor-type=\"loop\" data-elementor-id=\"1263\" class=\"elementor elementor-1263 post-24238 miejsca_inspiracji type-miejsca_inspiracji status-publish has-post-thumbnail hentry category-miejsca-inspiracji tag-kulturalna\" data-elementor-settings=\"{&quot;ha_cmc_init_switcher&quot;:&quot;no&quot;}\" data-elementor-post-type=\"elementor_library\">\n\t\t\t\t\t<section data-ha-element-link=\"{&quot;url&quot;:&quot;https:\\\/\\\/miastoinspiracji.lublin.eu\\\/en\\\/miejsca_inspiracji\\\/kulturalna\\\/&quot;,&quot;is_external&quot;:&quot;&quot;,&quot;nofollow&quot;:&quot;&quot;}\" style=\"cursor: pointer\" class=\"elementor-section elementor-top-section elementor-element elementor-element-b501e25 elementor-section-full_width elementor-section-height-default elementor-section-height-default\" data-id=\"b501e25\" data-element_type=\"section\" data-settings=\"{&quot;background_background&quot;:&quot;classic&quot;,&quot;_ha_eqh_enable&quot;:false}\">\n\t\t\t\t\t\t<div class=\"elementor-container elementor-column-gap-default\">\n\t\t\t\t\t<div class=\"elementor-column elementor-col-100 elementor-top-column elementor-element elementor-element-700e3fd\" data-id=\"700e3fd\" data-element_type=\"column\">\n\t\t\t<div class=\"elementor-widget-wrap elementor-element-populated\">\n\t\t\t\t\t\t<div class=\"elementor-element elementor-element-b5dce2d elementor-widget elementor-widget-image\" data-id=\"b5dce2d\" data-element_type=\"widget\" data-widget_type=\"image.default\">\n\t\t\t\t<div class=\"elementor-widget-container\">\n\t\t\t\t\t\t\t\t\t\t\t\t\t\t\t\t<a href=\"https:\/\/miastoinspiracji.lublin.eu\/en\/miejsca_inspiracji\/kulturalna\/\">\n\t\t\t\t\t\t\t<img decoding=\"async\" src=\"https:\/\/miastoinspiracji.lublin.eu\/wp-content\/uploads\/elementor\/thumbs\/DSC_8997-Copy-qdg757xgmh82smqvwsi5ky0vaic32zb7foath6zafo.jpg\" title=\"Kulturalna 5\" alt=\"Widok na wn\u0119trze restauracji\" loading=\"lazy\" \/>\t\t\t\t\t\t\t\t<\/a>\n\t\t\t\t\t\t\t\t\t\t\t\t\t\t\t<\/div>\n\t\t\t\t<\/div>\n\t\t\t\t<div class=\"elementor-element elementor-element-5262a160 elementor-widget elementor-widget-theme-post-title elementor-page-title elementor-widget-heading\" data-id=\"5262a160\" data-element_type=\"widget\" data-widget_type=\"theme-post-title.default\">\n\t\t\t\t<div class=\"elementor-widget-container\">\n\t\t\t\t\t<h4 class=\"elementor-heading-title elementor-size-default\"><a href=\"https:\/\/miastoinspiracji.lublin.eu\/en\/miejsca_inspiracji\/kulturalna\/\">Kulturalna<\/a><\/h4>\t\t\t\t<\/div>\n\t\t\t\t<\/div>\n\t\t\t\t\t<\/div>\n\t\t<\/div>\n\t\t\t\t\t<\/div>\n\t\t<\/section>\n\t\t\t\t<\/div>\n\t\t\t\t<\/article>\n\t\t\t\t<\/div>\n\t\t\t\t\t\t<\/div>\n\t\t\t\t<\/div>\n\t\t\t\t\t<\/div>\n\t\t<\/div>\n\t\t\t\t\t<\/div>\n\t\t<\/section>\n\t\t\t\t<section class=\"elementor-section elementor-top-section elementor-element elementor-element-4fed7280 elementor-section-boxed elementor-section-height-default elementor-section-height-default\" data-id=\"4fed7280\" data-element_type=\"section\" data-settings=\"{&quot;_ha_eqh_enable&quot;:false}\">\n\t\t\t\t\t\t<div class=\"elementor-container elementor-column-gap-default\">\n\t\t\t\t\t<div class=\"elementor-column elementor-col-100 elementor-top-column elementor-element elementor-element-51d6c62e\" data-id=\"51d6c62e\" data-element_type=\"column\">\n\t\t\t<div class=\"elementor-widget-wrap elementor-element-populated\">\n\t\t\t\t\t\t<div data-ha-element-link=\"{&quot;url&quot;:&quot;#&quot;,&quot;is_external&quot;:&quot;&quot;,&quot;nofollow&quot;:&quot;&quot;}\" style=\"cursor: pointer\" class=\"elementor-element elementor-element-6a2542bb d2c-up elementor-widget elementor-widget-global elementor-global-1588 elementor-widget-heading\" data-id=\"6a2542bb\" data-element_type=\"widget\" data-widget_type=\"heading.default\">\n\t\t\t\t<div class=\"elementor-widget-container\">\n\t\t\t\t\t<h5 class=\"elementor-heading-title elementor-size-default\"><a href=\"#\">go up<\/a><\/h5>\t\t\t\t<\/div>\n\t\t\t\t<\/div>\n\t\t\t\t\t<\/div>\n\t\t<\/div>\n\t\t\t\t\t<\/div>\n\t\t<\/section>\n\t\t\t\t<\/div>","protected":false},"excerpt":{"rendered":"<p>W pi\u0105tek, 24 listopada br., w ramach Festiwalu Kuchnia Inspiracji w pracowni gastronomicznej Uniwersytetu Przyrodniczego w Lublinie odby\u0142 si\u0119 konkurs kulinarny, w kt\u00f3rym udzia\u0142 wzi\u0119li studenci kierunku &#8222;gastronomia&#8221;. Tematem przewodnim by\u0142 burak, a w jury zasiedli pracownicy Wydzia\u0142u Nauk o \u017bywno\u015bci i Biotechnologii, a tak\u017ce szefowie kuchni lubelskich Miejsc Inspiracji.<\/p>","protected":false},"author":5,"featured_media":25033,"comment_status":"open","ping_status":"open","sticky":false,"template":"elementor_header_footer","format":"standard","meta":{"_acf_changed":false,"footnotes":""},"categories":[19],"tags":[77,166,385],"class_list":["post-25029","post","type-post","status-publish","format-standard","has-post-thumbnail","hentry","category-miejsca-inspiracji","tag-perlowa","tag-legendy-miasta","tag-kulturalna"],"acf":[],"yoast_head":"<!-- This site is optimized with the Yoast SEO plugin v26.5 - https:\/\/yoast.com\/wordpress\/plugins\/seo\/ -->\n<title>Szefowie kuchni \u201cMiejsc Inspiracji\u201d w jury konkursu kulinarnego dla student\u00f3w! - Miasto Inspiracji<\/title>\n<meta name=\"description\" content=\"Lublin to prawdziwe Miasto Inspiracji. Poznaj Miejsca Inspiracji i sprawd\u017a, gdzie Przewodnicy Inspiracji poprowadz\u0105 ci\u0119, gdy trwa Sezon Lublin!\" \/>\n<meta name=\"robots\" content=\"index, follow, max-snippet:-1, max-image-preview:large, max-video-preview:-1\" \/>\n<link rel=\"canonical\" href=\"https:\/\/miastoinspiracji.lublin.eu\/en\/miejsca-inspiracji\/szefowie-kuchni-miejsc-inspiracji-w-jury-konkursu-kulinarnego-dla-studentow\/\" \/>\n<meta property=\"og:locale\" content=\"en_GB\" \/>\n<meta property=\"og:type\" content=\"article\" \/>\n<meta property=\"og:title\" content=\"Szefowie kuchni \u201cMiejsc Inspiracji\u201d w jury konkursu kulinarnego dla student\u00f3w! - Miasto Inspiracji\" \/>\n<meta property=\"og:description\" content=\"Lublin to prawdziwe Miasto Inspiracji. Poznaj Miejsca Inspiracji i sprawd\u017a, gdzie Przewodnicy Inspiracji poprowadz\u0105 ci\u0119, gdy trwa Sezon Lublin!\" \/>\n<meta property=\"og:url\" content=\"https:\/\/miastoinspiracji.lublin.eu\/en\/miejsca-inspiracji\/szefowie-kuchni-miejsc-inspiracji-w-jury-konkursu-kulinarnego-dla-studentow\/\" \/>\n<meta property=\"og:site_name\" content=\"Miasto Inspiracji\" \/>\n<meta property=\"article:publisher\" content=\"https:\/\/www.facebook.com\/turystycznylublin\" \/>\n<meta property=\"article:published_time\" content=\"2023-11-27T14:31:44+00:00\" \/>\n<meta property=\"article:modified_time\" content=\"2023-11-27T14:55:18+00:00\" \/>\n<meta property=\"og:image\" content=\"https:\/\/miastoinspiracji.lublin.eu\/wp-content\/uploads\/2023\/11\/konkurs-kulinarny-15.jpg\" \/>\n\t<meta property=\"og:image:width\" content=\"1620\" \/>\n\t<meta property=\"og:image:height\" content=\"1080\" \/>\n\t<meta property=\"og:image:type\" content=\"image\/jpeg\" \/>\n<meta name=\"author\" content=\"Anna Tylec\" \/>\n<meta name=\"twitter:card\" content=\"summary_large_image\" \/>\n<meta name=\"twitter:creator\" content=\"@miasto_lublin\" \/>\n<meta name=\"twitter:site\" content=\"@miasto_lublin\" \/>\n<meta name=\"twitter:label1\" content=\"Written by\" \/>\n\t<meta name=\"twitter:data1\" content=\"Anna Tylec\" \/>\n\t<meta name=\"twitter:label2\" content=\"Estimated reading time\" \/>\n\t<meta name=\"twitter:data2\" content=\"2 minutes\" \/>\n<script type=\"application\/ld+json\" class=\"yoast-schema-graph\">{\"@context\":\"https:\/\/schema.org\",\"@graph\":[{\"@type\":\"Article\",\"@id\":\"https:\/\/miastoinspiracji.lublin.eu\/en\/miejsca-inspiracji\/szefowie-kuchni-miejsc-inspiracji-w-jury-konkursu-kulinarnego-dla-studentow\/#article\",\"isPartOf\":{\"@id\":\"https:\/\/miastoinspiracji.lublin.eu\/en\/miejsca-inspiracji\/szefowie-kuchni-miejsc-inspiracji-w-jury-konkursu-kulinarnego-dla-studentow\/\"},\"author\":{\"name\":\"Anna Tylec\",\"@id\":\"https:\/\/miastoinspiracji.lublin.eu\/en\/#\/schema\/person\/1839e42ecf473e69117eeeea2b27d88b\"},\"headline\":\"Szefowie kuchni \u201cMiejsc Inspiracji\u201d w jury konkursu kulinarnego dla student\u00f3w!\",\"datePublished\":\"2023-11-27T14:31:44+00:00\",\"dateModified\":\"2023-11-27T14:55:18+00:00\",\"mainEntityOfPage\":{\"@id\":\"https:\/\/miastoinspiracji.lublin.eu\/en\/miejsca-inspiracji\/szefowie-kuchni-miejsc-inspiracji-w-jury-konkursu-kulinarnego-dla-studentow\/\"},\"wordCount\":272,\"commentCount\":0,\"publisher\":{\"@id\":\"https:\/\/miastoinspiracji.lublin.eu\/en\/#organization\"},\"image\":{\"@id\":\"https:\/\/miastoinspiracji.lublin.eu\/en\/miejsca-inspiracji\/szefowie-kuchni-miejsc-inspiracji-w-jury-konkursu-kulinarnego-dla-studentow\/#primaryimage\"},\"thumbnailUrl\":\"https:\/\/miastoinspiracji.lublin.eu\/wp-content\/uploads\/2023\/11\/konkurs-kulinarny-15.jpg\",\"keywords\":[\"perlowa\",\"legendy miasta\",\"kulturalna\"],\"articleSection\":[\"Miejsca Inspiracji\"],\"inLanguage\":\"en-GB\"},{\"@type\":\"WebPage\",\"@id\":\"https:\/\/miastoinspiracji.lublin.eu\/en\/miejsca-inspiracji\/szefowie-kuchni-miejsc-inspiracji-w-jury-konkursu-kulinarnego-dla-studentow\/\",\"url\":\"https:\/\/miastoinspiracji.lublin.eu\/en\/miejsca-inspiracji\/szefowie-kuchni-miejsc-inspiracji-w-jury-konkursu-kulinarnego-dla-studentow\/\",\"name\":\"Szefowie kuchni \u201cMiejsc Inspiracji\u201d w jury konkursu kulinarnego dla student\u00f3w! - Miasto Inspiracji\",\"isPartOf\":{\"@id\":\"https:\/\/miastoinspiracji.lublin.eu\/en\/#website\"},\"primaryImageOfPage\":{\"@id\":\"https:\/\/miastoinspiracji.lublin.eu\/en\/miejsca-inspiracji\/szefowie-kuchni-miejsc-inspiracji-w-jury-konkursu-kulinarnego-dla-studentow\/#primaryimage\"},\"image\":{\"@id\":\"https:\/\/miastoinspiracji.lublin.eu\/en\/miejsca-inspiracji\/szefowie-kuchni-miejsc-inspiracji-w-jury-konkursu-kulinarnego-dla-studentow\/#primaryimage\"},\"thumbnailUrl\":\"https:\/\/miastoinspiracji.lublin.eu\/wp-content\/uploads\/2023\/11\/konkurs-kulinarny-15.jpg\",\"datePublished\":\"2023-11-27T14:31:44+00:00\",\"dateModified\":\"2023-11-27T14:55:18+00:00\",\"description\":\"Lublin to prawdziwe Miasto Inspiracji. Poznaj Miejsca Inspiracji i sprawd\u017a, gdzie Przewodnicy Inspiracji poprowadz\u0105 ci\u0119, gdy trwa Sezon Lublin!\",\"breadcrumb\":{\"@id\":\"https:\/\/miastoinspiracji.lublin.eu\/en\/miejsca-inspiracji\/szefowie-kuchni-miejsc-inspiracji-w-jury-konkursu-kulinarnego-dla-studentow\/#breadcrumb\"},\"inLanguage\":\"en-GB\",\"potentialAction\":[{\"@type\":\"ReadAction\",\"target\":[\"https:\/\/miastoinspiracji.lublin.eu\/en\/miejsca-inspiracji\/szefowie-kuchni-miejsc-inspiracji-w-jury-konkursu-kulinarnego-dla-studentow\/\"]}]},{\"@type\":\"ImageObject\",\"inLanguage\":\"en-GB\",\"@id\":\"https:\/\/miastoinspiracji.lublin.eu\/en\/miejsca-inspiracji\/szefowie-kuchni-miejsc-inspiracji-w-jury-konkursu-kulinarnego-dla-studentow\/#primaryimage\",\"url\":\"https:\/\/miastoinspiracji.lublin.eu\/wp-content\/uploads\/2023\/11\/konkurs-kulinarny-15.jpg\",\"contentUrl\":\"https:\/\/miastoinspiracji.lublin.eu\/wp-content\/uploads\/2023\/11\/konkurs-kulinarny-15.jpg\",\"width\":1620,\"height\":1080,\"caption\":\"Konkurs kulinarny na Uniwersytecie Przyrodniczym w ramach Festiwalu Kuchnia Inspiracji\"},{\"@type\":\"BreadcrumbList\",\"@id\":\"https:\/\/miastoinspiracji.lublin.eu\/en\/miejsca-inspiracji\/szefowie-kuchni-miejsc-inspiracji-w-jury-konkursu-kulinarnego-dla-studentow\/#breadcrumb\",\"itemListElement\":[{\"@type\":\"ListItem\",\"position\":1,\"name\":\"Strona g\u0142\u00f3wna\",\"item\":\"https:\/\/miastoinspiracji.lublin.eu\/\"},{\"@type\":\"ListItem\",\"position\":2,\"name\":\"Szefowie kuchni \u201cMiejsc Inspiracji\u201d w jury konkursu kulinarnego dla student\u00f3w!\"}]},{\"@type\":\"WebSite\",\"@id\":\"https:\/\/miastoinspiracji.lublin.eu\/en\/#website\",\"url\":\"https:\/\/miastoinspiracji.lublin.eu\/en\/\",\"name\":\"Miasto Inspiracji\",\"description\":\"Programy inspiracji Miasta Lublin\",\"publisher\":{\"@id\":\"https:\/\/miastoinspiracji.lublin.eu\/en\/#organization\"},\"potentialAction\":[{\"@type\":\"SearchAction\",\"target\":{\"@type\":\"EntryPoint\",\"urlTemplate\":\"https:\/\/miastoinspiracji.lublin.eu\/en\/?s={search_term_string}\"},\"query-input\":{\"@type\":\"PropertyValueSpecification\",\"valueRequired\":true,\"valueName\":\"search_term_string\"}}],\"inLanguage\":\"en-GB\"},{\"@type\":\"Organization\",\"@id\":\"https:\/\/miastoinspiracji.lublin.eu\/en\/#organization\",\"name\":\"Urz\u0105d Miasta Lublin\",\"url\":\"https:\/\/miastoinspiracji.lublin.eu\/en\/\",\"logo\":{\"@type\":\"ImageObject\",\"inLanguage\":\"en-GB\",\"@id\":\"https:\/\/miastoinspiracji.lublin.eu\/en\/#\/schema\/logo\/image\/\",\"url\":\"https:\/\/miastoinspiracji.lublin.eu\/wp-content\/uploads\/2020\/08\/favicon.png\",\"contentUrl\":\"https:\/\/miastoinspiracji.lublin.eu\/wp-content\/uploads\/2020\/08\/favicon.png\",\"width\":512,\"height\":512,\"caption\":\"Urz\u0105d Miasta Lublin\"},\"image\":{\"@id\":\"https:\/\/miastoinspiracji.lublin.eu\/en\/#\/schema\/logo\/image\/\"},\"sameAs\":[\"https:\/\/www.facebook.com\/turystycznylublin\",\"https:\/\/x.com\/miasto_lublin\",\"https:\/\/www.instagram.com\/turystycznylublin\/\",\"https:\/\/www.linkedin.com\/company\/urzad-miasta-lublin\/\",\"https:\/\/www.youtube.com\/channel\/UC7ALjgzz6oUurAOsgdKsN7A\",\"https:\/\/pl.wikipedia.org\/wiki\/Lublin\"]},{\"@type\":\"Person\",\"@id\":\"https:\/\/miastoinspiracji.lublin.eu\/en\/#\/schema\/person\/1839e42ecf473e69117eeeea2b27d88b\",\"name\":\"Anna Tylec\",\"image\":{\"@type\":\"ImageObject\",\"inLanguage\":\"en-GB\",\"@id\":\"https:\/\/miastoinspiracji.lublin.eu\/en\/#\/schema\/person\/image\/\",\"url\":\"https:\/\/secure.gravatar.com\/avatar\/3dde76432221763722ed692764bb2ed7704bb1610d424a55aaa15c5859714fd7?s=96&d=mm&r=g\",\"contentUrl\":\"https:\/\/secure.gravatar.com\/avatar\/3dde76432221763722ed692764bb2ed7704bb1610d424a55aaa15c5859714fd7?s=96&d=mm&r=g\",\"caption\":\"Anna Tylec\"}}]}<\/script>\n<!-- \/ Yoast SEO plugin. -->","yoast_head_json":{"title":"Szefowie kuchni \u201cMiejsc Inspiracji\u201d w jury konkursu kulinarnego dla student\u00f3w! - Miasto Inspiracji","description":"Lublin to prawdziwe Miasto Inspiracji. Poznaj Miejsca Inspiracji i sprawd\u017a, gdzie Przewodnicy Inspiracji poprowadz\u0105 ci\u0119, gdy trwa Sezon Lublin!","robots":{"index":"index","follow":"follow","max-snippet":"max-snippet:-1","max-image-preview":"max-image-preview:large","max-video-preview":"max-video-preview:-1"},"canonical":"https:\/\/miastoinspiracji.lublin.eu\/en\/miejsca-inspiracji\/szefowie-kuchni-miejsc-inspiracji-w-jury-konkursu-kulinarnego-dla-studentow\/","og_locale":"en_GB","og_type":"article","og_title":"Szefowie kuchni \u201cMiejsc Inspiracji\u201d w jury konkursu kulinarnego dla student\u00f3w! - Miasto Inspiracji","og_description":"Lublin to prawdziwe Miasto Inspiracji. Poznaj Miejsca Inspiracji i sprawd\u017a, gdzie Przewodnicy Inspiracji poprowadz\u0105 ci\u0119, gdy trwa Sezon Lublin!","og_url":"https:\/\/miastoinspiracji.lublin.eu\/en\/miejsca-inspiracji\/szefowie-kuchni-miejsc-inspiracji-w-jury-konkursu-kulinarnego-dla-studentow\/","og_site_name":"Miasto Inspiracji","article_publisher":"https:\/\/www.facebook.com\/turystycznylublin","article_published_time":"2023-11-27T14:31:44+00:00","article_modified_time":"2023-11-27T14:55:18+00:00","og_image":[{"width":1620,"height":1080,"url":"https:\/\/miastoinspiracji.lublin.eu\/wp-content\/uploads\/2023\/11\/konkurs-kulinarny-15.jpg","type":"image\/jpeg"}],"author":"Anna Tylec","twitter_card":"summary_large_image","twitter_creator":"@miasto_lublin","twitter_site":"@miasto_lublin","twitter_misc":{"Written by":"Anna Tylec","Estimated reading time":"2 minutes"},"schema":{"@context":"https:\/\/schema.org","@graph":[{"@type":"Article","@id":"https:\/\/miastoinspiracji.lublin.eu\/en\/miejsca-inspiracji\/szefowie-kuchni-miejsc-inspiracji-w-jury-konkursu-kulinarnego-dla-studentow\/#article","isPartOf":{"@id":"https:\/\/miastoinspiracji.lublin.eu\/en\/miejsca-inspiracji\/szefowie-kuchni-miejsc-inspiracji-w-jury-konkursu-kulinarnego-dla-studentow\/"},"author":{"name":"Anna Tylec","@id":"https:\/\/miastoinspiracji.lublin.eu\/en\/#\/schema\/person\/1839e42ecf473e69117eeeea2b27d88b"},"headline":"Szefowie kuchni \u201cMiejsc Inspiracji\u201d w jury konkursu kulinarnego dla student\u00f3w!","datePublished":"2023-11-27T14:31:44+00:00","dateModified":"2023-11-27T14:55:18+00:00","mainEntityOfPage":{"@id":"https:\/\/miastoinspiracji.lublin.eu\/en\/miejsca-inspiracji\/szefowie-kuchni-miejsc-inspiracji-w-jury-konkursu-kulinarnego-dla-studentow\/"},"wordCount":272,"commentCount":0,"publisher":{"@id":"https:\/\/miastoinspiracji.lublin.eu\/en\/#organization"},"image":{"@id":"https:\/\/miastoinspiracji.lublin.eu\/en\/miejsca-inspiracji\/szefowie-kuchni-miejsc-inspiracji-w-jury-konkursu-kulinarnego-dla-studentow\/#primaryimage"},"thumbnailUrl":"https:\/\/miastoinspiracji.lublin.eu\/wp-content\/uploads\/2023\/11\/konkurs-kulinarny-15.jpg","keywords":["perlowa","legendy miasta","kulturalna"],"articleSection":["Miejsca Inspiracji"],"inLanguage":"en-GB"},{"@type":"WebPage","@id":"https:\/\/miastoinspiracji.lublin.eu\/en\/miejsca-inspiracji\/szefowie-kuchni-miejsc-inspiracji-w-jury-konkursu-kulinarnego-dla-studentow\/","url":"https:\/\/miastoinspiracji.lublin.eu\/en\/miejsca-inspiracji\/szefowie-kuchni-miejsc-inspiracji-w-jury-konkursu-kulinarnego-dla-studentow\/","name":"Szefowie kuchni \u201cMiejsc Inspiracji\u201d w jury konkursu kulinarnego dla student\u00f3w! - Miasto Inspiracji","isPartOf":{"@id":"https:\/\/miastoinspiracji.lublin.eu\/en\/#website"},"primaryImageOfPage":{"@id":"https:\/\/miastoinspiracji.lublin.eu\/en\/miejsca-inspiracji\/szefowie-kuchni-miejsc-inspiracji-w-jury-konkursu-kulinarnego-dla-studentow\/#primaryimage"},"image":{"@id":"https:\/\/miastoinspiracji.lublin.eu\/en\/miejsca-inspiracji\/szefowie-kuchni-miejsc-inspiracji-w-jury-konkursu-kulinarnego-dla-studentow\/#primaryimage"},"thumbnailUrl":"https:\/\/miastoinspiracji.lublin.eu\/wp-content\/uploads\/2023\/11\/konkurs-kulinarny-15.jpg","datePublished":"2023-11-27T14:31:44+00:00","dateModified":"2023-11-27T14:55:18+00:00","description":"Lublin to prawdziwe Miasto Inspiracji. Poznaj Miejsca Inspiracji i sprawd\u017a, gdzie Przewodnicy Inspiracji poprowadz\u0105 ci\u0119, gdy trwa Sezon Lublin!","breadcrumb":{"@id":"https:\/\/miastoinspiracji.lublin.eu\/en\/miejsca-inspiracji\/szefowie-kuchni-miejsc-inspiracji-w-jury-konkursu-kulinarnego-dla-studentow\/#breadcrumb"},"inLanguage":"en-GB","potentialAction":[{"@type":"ReadAction","target":["https:\/\/miastoinspiracji.lublin.eu\/en\/miejsca-inspiracji\/szefowie-kuchni-miejsc-inspiracji-w-jury-konkursu-kulinarnego-dla-studentow\/"]}]},{"@type":"ImageObject","inLanguage":"en-GB","@id":"https:\/\/miastoinspiracji.lublin.eu\/en\/miejsca-inspiracji\/szefowie-kuchni-miejsc-inspiracji-w-jury-konkursu-kulinarnego-dla-studentow\/#primaryimage","url":"https:\/\/miastoinspiracji.lublin.eu\/wp-content\/uploads\/2023\/11\/konkurs-kulinarny-15.jpg","contentUrl":"https:\/\/miastoinspiracji.lublin.eu\/wp-content\/uploads\/2023\/11\/konkurs-kulinarny-15.jpg","width":1620,"height":1080,"caption":"Konkurs kulinarny na Uniwersytecie Przyrodniczym w ramach Festiwalu Kuchnia Inspiracji"},{"@type":"BreadcrumbList","@id":"https:\/\/miastoinspiracji.lublin.eu\/en\/miejsca-inspiracji\/szefowie-kuchni-miejsc-inspiracji-w-jury-konkursu-kulinarnego-dla-studentow\/#breadcrumb","itemListElement":[{"@type":"ListItem","position":1,"name":"Strona g\u0142\u00f3wna","item":"https:\/\/miastoinspiracji.lublin.eu\/"},{"@type":"ListItem","position":2,"name":"Szefowie kuchni \u201cMiejsc Inspiracji\u201d w jury konkursu kulinarnego dla student\u00f3w!"}]},{"@type":"WebSite","@id":"https:\/\/miastoinspiracji.lublin.eu\/en\/#website","url":"https:\/\/miastoinspiracji.lublin.eu\/en\/","name":"Miasto Inspiracji","description":"Programy inspiracji Miasta Lublin","publisher":{"@id":"https:\/\/miastoinspiracji.lublin.eu\/en\/#organization"},"potentialAction":[{"@type":"SearchAction","target":{"@type":"EntryPoint","urlTemplate":"https:\/\/miastoinspiracji.lublin.eu\/en\/?s={search_term_string}"},"query-input":{"@type":"PropertyValueSpecification","valueRequired":true,"valueName":"search_term_string"}}],"inLanguage":"en-GB"},{"@type":"Organization","@id":"https:\/\/miastoinspiracji.lublin.eu\/en\/#organization","name":"Urz\u0105d Miasta Lublin","url":"https:\/\/miastoinspiracji.lublin.eu\/en\/","logo":{"@type":"ImageObject","inLanguage":"en-GB","@id":"https:\/\/miastoinspiracji.lublin.eu\/en\/#\/schema\/logo\/image\/","url":"https:\/\/miastoinspiracji.lublin.eu\/wp-content\/uploads\/2020\/08\/favicon.png","contentUrl":"https:\/\/miastoinspiracji.lublin.eu\/wp-content\/uploads\/2020\/08\/favicon.png","width":512,"height":512,"caption":"Urz\u0105d Miasta Lublin"},"image":{"@id":"https:\/\/miastoinspiracji.lublin.eu\/en\/#\/schema\/logo\/image\/"},"sameAs":["https:\/\/www.facebook.com\/turystycznylublin","https:\/\/x.com\/miasto_lublin","https:\/\/www.instagram.com\/turystycznylublin\/","https:\/\/www.linkedin.com\/company\/urzad-miasta-lublin\/","https:\/\/www.youtube.com\/channel\/UC7ALjgzz6oUurAOsgdKsN7A","https:\/\/pl.wikipedia.org\/wiki\/Lublin"]},{"@type":"Person","@id":"https:\/\/miastoinspiracji.lublin.eu\/en\/#\/schema\/person\/1839e42ecf473e69117eeeea2b27d88b","name":"Anna Tylec","image":{"@type":"ImageObject","inLanguage":"en-GB","@id":"https:\/\/miastoinspiracji.lublin.eu\/en\/#\/schema\/person\/image\/","url":"https:\/\/secure.gravatar.com\/avatar\/3dde76432221763722ed692764bb2ed7704bb1610d424a55aaa15c5859714fd7?s=96&d=mm&r=g","contentUrl":"https:\/\/secure.gravatar.com\/avatar\/3dde76432221763722ed692764bb2ed7704bb1610d424a55aaa15c5859714fd7?s=96&d=mm&r=g","caption":"Anna Tylec"}}]}},"_links":{"self":[{"href":"https:\/\/miastoinspiracji.lublin.eu\/en\/wp-json\/wp\/v2\/posts\/25029","targetHints":{"allow":["GET"]}}],"collection":[{"href":"https:\/\/miastoinspiracji.lublin.eu\/en\/wp-json\/wp\/v2\/posts"}],"about":[{"href":"https:\/\/miastoinspiracji.lublin.eu\/en\/wp-json\/wp\/v2\/types\/post"}],"author":[{"embeddable":true,"href":"https:\/\/miastoinspiracji.lublin.eu\/en\/wp-json\/wp\/v2\/users\/5"}],"replies":[{"embeddable":true,"href":"https:\/\/miastoinspiracji.lublin.eu\/en\/wp-json\/wp\/v2\/comments?post=25029"}],"version-history":[{"count":8,"href":"https:\/\/miastoinspiracji.lublin.eu\/en\/wp-json\/wp\/v2\/posts\/25029\/revisions"}],"predecessor-version":[{"id":25048,"href":"https:\/\/miastoinspiracji.lublin.eu\/en\/wp-json\/wp\/v2\/posts\/25029\/revisions\/25048"}],"wp:featuredmedia":[{"embeddable":true,"href":"https:\/\/miastoinspiracji.lublin.eu\/en\/wp-json\/wp\/v2\/media\/25033"}],"wp:attachment":[{"href":"https:\/\/miastoinspiracji.lublin.eu\/en\/wp-json\/wp\/v2\/media?parent=25029"}],"wp:term":[{"taxonomy":"category","embeddable":true,"href":"https:\/\/miastoinspiracji.lublin.eu\/en\/wp-json\/wp\/v2\/categories?post=25029"},{"taxonomy":"post_tag","embeddable":true,"href":"https:\/\/miastoinspiracji.lublin.eu\/en\/wp-json\/wp\/v2\/tags?post=25029"}],"curies":[{"name":"wp","href":"https:\/\/api.w.org\/{rel}","templated":true}]}}