{"id":9155,"date":"2020-10-26T14:51:23","date_gmt":"2020-10-26T14:51:23","guid":{"rendered":"https:\/\/miastoinspiracji.lublin.eu\/?p=9155"},"modified":"2020-11-03T08:55:41","modified_gmt":"2020-11-03T08:55:41","slug":"miejsca-inspiracji-z-dowozem-i-na-wynos","status":"publish","type":"post","link":"https:\/\/miastoinspiracji.lublin.eu\/en\/miejsca-inspiracji\/miejsca-inspiracji-z-dowozem-i-na-wynos\/","title":{"rendered":"Miejsca Inspiracji z dowozem i na wynos"},"content":{"rendered":"<div data-elementor-type=\"wp-post\" data-elementor-id=\"9155\" class=\"elementor elementor-9155\" data-elementor-settings=\"{&quot;ha_cmc_init_switcher&quot;:&quot;no&quot;}\" data-elementor-post-type=\"post\">\n\t\t\t\t\t\t<section class=\"elementor-section elementor-top-section elementor-element elementor-element-6ce2b022 elementor-section-full_width elementor-section-height-default elementor-section-height-default\" data-id=\"6ce2b022\" data-element_type=\"section\" data-settings=\"{&quot;_ha_eqh_enable&quot;:false}\">\n\t\t\t\t\t\t<div class=\"elementor-container elementor-column-gap-default\">\n\t\t\t\t\t<div class=\"elementor-column elementor-col-100 elementor-top-column elementor-element elementor-element-71765f9a\" data-id=\"71765f9a\" data-element_type=\"column\" data-settings=\"{&quot;background_background&quot;:&quot;classic&quot;}\">\n\t\t\t<div class=\"elementor-widget-wrap elementor-element-populated\">\n\t\t\t\t\t<div class=\"elementor-background-overlay\"><\/div>\n\t\t\t\t\t\t<div class=\"elementor-element elementor-element-22d2cded elementor-widget elementor-widget-heading\" data-id=\"22d2cded\" data-element_type=\"widget\" data-widget_type=\"heading.default\">\n\t\t\t\t<div class=\"elementor-widget-container\">\n\t\t\t\t\t<h1 class=\"elementor-heading-title elementor-size-xxl\">Miejsca Inspiracji z dowozem i na wynos<\/h1>\t\t\t\t<\/div>\n\t\t\t\t<\/div>\n\t\t\t\t\t<\/div>\n\t\t<\/div>\n\t\t\t\t\t<\/div>\n\t\t<\/section>\n\t\t\t\t<section class=\"elementor-section elementor-top-section elementor-element elementor-element-18993a4a elementor-section-content-middle elementor-reverse-mobile elementor-section-boxed elementor-section-height-default elementor-section-height-default\" data-id=\"18993a4a\" data-element_type=\"section\" data-settings=\"{&quot;background_background&quot;:&quot;classic&quot;,&quot;_ha_eqh_enable&quot;:false}\">\n\t\t\t\t\t\t<div class=\"elementor-container elementor-column-gap-default\">\n\t\t\t\t\t<div class=\"elementor-column elementor-col-50 elementor-top-column elementor-element elementor-element-2626d319\" data-id=\"2626d319\" data-element_type=\"column\">\n\t\t\t<div class=\"elementor-widget-wrap elementor-element-populated\">\n\t\t\t\t\t\t<div class=\"elementor-element elementor-element-4852dc84 elementor-widget elementor-widget-heading\" data-id=\"4852dc84\" data-element_type=\"widget\" data-widget_type=\"heading.default\">\n\t\t\t\t<div class=\"elementor-widget-container\">\n\t\t\t\t\t<h2 class=\"elementor-heading-title elementor-size-default\">26 pa\u017adziernika 2020 r.<\/h2>\t\t\t\t<\/div>\n\t\t\t\t<\/div>\n\t\t\t\t\t<\/div>\n\t\t<\/div>\n\t\t\t\t<div class=\"elementor-column elementor-col-50 elementor-top-column elementor-element elementor-element-42811923\" data-id=\"42811923\" data-element_type=\"column\">\n\t\t\t<div class=\"elementor-widget-wrap elementor-element-populated\">\n\t\t\t\t\t\t<div class=\"elementor-element elementor-element-4039eaa0 d2c-back elementor-absolute elementor-widget elementor-widget-global elementor-global-1591 elementor-widget-heading\" data-id=\"4039eaa0\" data-element_type=\"widget\" data-settings=\"{&quot;_position&quot;:&quot;absolute&quot;}\" data-widget_type=\"heading.default\">\n\t\t\t\t<div class=\"elementor-widget-container\">\n\t\t\t\t\t<h5 class=\"elementor-heading-title elementor-size-default\"><a href=\"#\">go back<\/a><\/h5>\t\t\t\t<\/div>\n\t\t\t\t<\/div>\n\t\t\t\t\t<\/div>\n\t\t<\/div>\n\t\t\t\t\t<\/div>\n\t\t<\/section>\n\t\t\t\t<section class=\"elementor-section elementor-top-section elementor-element elementor-element-71fe1af3 elementor-section-boxed elementor-section-height-default elementor-section-height-default\" data-id=\"71fe1af3\" data-element_type=\"section\" data-settings=\"{&quot;_ha_eqh_enable&quot;:false}\">\n\t\t\t\t\t\t<div class=\"elementor-container elementor-column-gap-default\">\n\t\t\t\t\t<div class=\"elementor-column elementor-col-100 elementor-top-column elementor-element elementor-element-f3fbfa3\" data-id=\"f3fbfa3\" data-element_type=\"column\">\n\t\t\t<div class=\"elementor-widget-wrap elementor-element-populated\">\n\t\t\t\t\t\t<div class=\"elementor-element elementor-element-5d451d25 elementor-widget elementor-widget-text-editor\" data-id=\"5d451d25\" data-element_type=\"widget\" data-widget_type=\"text-editor.default\">\n\t\t\t\t<div class=\"elementor-widget-container\">\n\t\t\t\t\t\t\t\t\t<p><strong>Zgodnie z rz\u0105dowymi wytycznymi lokale gastronomiczne pozostaj\u0105 zamkni\u0119te i nie mog\u0105 zaprosi\u0107 was do siebie. W zwi\u0105zku z tym\u00a0 zach\u0119camy do korzystania z oferty na dow\u00f3z lub z odbiorem i wsparcie lokalnych dostawc\u00f3w w trudnej dla nich sytuacji. Lokale <\/strong><strong>sygnowane znakiem Miejsce Inspiracji wychodz\u0105c wam na przeciw dostosowa\u0142y swoj\u0105 ofert\u0119 do obecnych warunk\u00f3w. Sprawd\u017acie, jak mo\u017cecie z niej skorzysta\u0107!<\/strong><\/p><p>\u00a0<\/p>\t\t\t\t\t\t\t\t<\/div>\n\t\t\t\t<\/div>\n\t\t\t\t<section class=\"elementor-section elementor-inner-section elementor-element elementor-element-6eb21900 elementor-section-boxed elementor-section-height-default elementor-section-height-default\" data-id=\"6eb21900\" data-element_type=\"section\" data-settings=\"{&quot;_ha_eqh_enable&quot;:false}\">\n\t\t\t\t\t\t<div class=\"elementor-container elementor-column-gap-default\">\n\t\t\t\t\t<div class=\"elementor-column elementor-col-50 elementor-inner-column elementor-element elementor-element-6939647f\" data-id=\"6939647f\" data-element_type=\"column\">\n\t\t\t<div class=\"elementor-widget-wrap elementor-element-populated\">\n\t\t\t\t\t\t<div class=\"elementor-element elementor-element-0058455 elementor-widget elementor-widget-image\" data-id=\"0058455\" data-element_type=\"widget\" data-widget_type=\"image.default\">\n\t\t\t\t<div class=\"elementor-widget-container\">\n\t\t\t\t\t\t\t\t\t\t\t\t\t\t\t<img fetchpriority=\"high\" decoding=\"async\" width=\"670\" height=\"440\" src=\"https:\/\/miastoinspiracji.lublin.eu\/wp-content\/uploads\/2020\/10\/ParZona-Cafe.jpg\" class=\"attachment-large size-large wp-image-9159\" alt=\"Wn\u0119trze Resturacji ParZona Cafe\" srcset=\"https:\/\/miastoinspiracji.lublin.eu\/wp-content\/uploads\/2020\/10\/ParZona-Cafe.jpg 670w, https:\/\/miastoinspiracji.lublin.eu\/wp-content\/uploads\/2020\/10\/ParZona-Cafe-300x197.jpg 300w\" sizes=\"(max-width: 670px) 100vw, 670px\" \/>\t\t\t\t\t\t\t\t\t\t\t\t\t\t\t<\/div>\n\t\t\t\t<\/div>\n\t\t\t\t\t<\/div>\n\t\t<\/div>\n\t\t\t\t<div class=\"elementor-column elementor-col-50 elementor-inner-column elementor-element elementor-element-22b22cc4\" data-id=\"22b22cc4\" data-element_type=\"column\">\n\t\t\t<div class=\"elementor-widget-wrap elementor-element-populated\">\n\t\t\t\t\t\t<div class=\"elementor-element elementor-element-506263df elementor-widget elementor-widget-text-editor\" data-id=\"506263df\" data-element_type=\"widget\" data-widget_type=\"text-editor.default\">\n\t\t\t\t<div class=\"elementor-widget-container\">\n\t\t\t\t\t\t\t\t\t<ul><li>W ParZona moz\u0307na zamawiac\u0301 na wynos lub w dostawie w godzinach 9:00-20:00. Zam\u00f3wienia przyjmowane s\u0105 pod numerem 81 381 56 799, na <a href=\"http:\/\/www.parzona.cafe\">stronie internetowej ParZona<\/a> Cafe lub przez wiadomos\u0301ci na fb . Pe\u0142na karta menu dost\u0119pna jest na stronie.<\/li><li>W Trybunalska City Pub kawy, \u015bniadania, dania i przek\u0105ski z karty mo\u017cna zamawia\u0107 na wynos lub z dostaw\u0105 codziennie od godz. 8:00 pod numerem 81 532 40 65, na <a href=\"http:\/\/www.trybunalska.pl\">stronie internetowej Trybunalska City Pub<\/a> lub przez portal\u00a0pyszne.pl\u00a0. Codziennie na stronie dost\u0119pne s\u0105 nowe propozycje kulinarne Szefa Kuchni.<\/li><li>Restauracja Mandragora zach\u0119ca do zamawiania \u017cydowskich przysmak\u00f3w od godziny 13:00. Restauracja przyjmuje zam\u00f3wienia telefonicznie 81 536 20 20 lub online poprzez <a href=\"https:\/\/mandragora.lublin.pl\/\">stron\u0119 internetow\u0105 Restauracji Mandragora<\/a>.\u00a0Na terenie Lublina dow\u00f3z gratis!<\/li><li>\u00a0Per\u0142owa Pijalnia Piwa\u00a0poleca si\u0119 z dowozem. Zam\u00f3wienia realizowane s\u0105 codziennie w godzinach 12:00-22:00. Zamawia\u0107 mo\u017cna pod numerem telefonu: 81 71 01 205. Dow\u00f3z gratis! Pe\u0142ne menu dost\u0119pne jest na <a href=\"https:\/\/www.facebook.com\/PerlowaPijalniaPiwa\">Profilu Facebook Per\u0142owej<\/a>.<\/li><\/ul>\t\t\t\t\t\t\t\t<\/div>\n\t\t\t\t<\/div>\n\t\t\t\t\t<\/div>\n\t\t<\/div>\n\t\t\t\t\t<\/div>\n\t\t<\/section>\n\t\t\t\t\t<\/div>\n\t\t<\/div>\n\t\t\t\t\t<\/div>\n\t\t<\/section>\n\t\t\t\t<section class=\"elementor-section elementor-top-section elementor-element elementor-element-6fefa7ea elementor-section-boxed elementor-section-height-default elementor-section-height-default\" data-id=\"6fefa7ea\" data-element_type=\"section\" data-settings=\"{&quot;_ha_eqh_enable&quot;:false}\">\n\t\t\t\t\t\t<div class=\"elementor-container elementor-column-gap-default\">\n\t\t\t\t\t<div class=\"elementor-column elementor-col-100 elementor-top-column elementor-element elementor-element-410ac0e\" data-id=\"410ac0e\" data-element_type=\"column\">\n\t\t\t<div class=\"elementor-widget-wrap elementor-element-populated\">\n\t\t\t\t\t\t<div class=\"elementor-element elementor-element-2f115bee elementor-widget elementor-widget-heading\" data-id=\"2f115bee\" data-element_type=\"widget\" data-widget_type=\"heading.default\">\n\t\t\t\t<div class=\"elementor-widget-container\">\n\t\t\t\t\t<h2 class=\"elementor-heading-title elementor-size-default\">Places of Inspiration<\/h2>\t\t\t\t<\/div>\n\t\t\t\t<\/div>\n\t\t\t\t<div class=\"elementor-element elementor-element-378de767 elementor-posts--thumbnail-top elementor-grid-3 elementor-grid-tablet-2 elementor-grid-mobile-1 elementor-widget elementor-widget-posts\" data-id=\"378de767\" data-element_type=\"widget\" data-settings=\"{&quot;custom_columns&quot;:&quot;3&quot;,&quot;custom_columns_tablet&quot;:&quot;2&quot;,&quot;custom_columns_mobile&quot;:&quot;1&quot;,&quot;custom_row_gap&quot;:{&quot;unit&quot;:&quot;px&quot;,&quot;size&quot;:35,&quot;sizes&quot;:[]},&quot;custom_row_gap_tablet&quot;:{&quot;unit&quot;:&quot;px&quot;,&quot;size&quot;:&quot;&quot;,&quot;sizes&quot;:[]},&quot;custom_row_gap_mobile&quot;:{&quot;unit&quot;:&quot;px&quot;,&quot;size&quot;:&quot;&quot;,&quot;sizes&quot;:[]}}\" data-widget_type=\"posts.custom\">\n\t\t\t\t<div class=\"elementor-widget-container\">\n\t\t\t\t\t      <div class=\"ecs-posts elementor-posts-container elementor-posts   elementor-grid elementor-posts--skin-custom\" data-settings=\"{&quot;current_page&quot;:1,&quot;max_num_pages&quot;:0,&quot;load_method&quot;:&quot;&quot;,&quot;widget_id&quot;:&quot;378de767&quot;,&quot;post_id&quot;:9155,&quot;theme_id&quot;:9155,&quot;change_url&quot;:false,&quot;reinit_js&quot;:false}\">\n      \t\t<article id=\"post-4365\" class=\"elementor-post elementor-grid-item ecs-post-loop post-4365 miejsca_inspiracji type-miejsca_inspiracji status-publish has-post-thumbnail hentry category-miejsca-inspiracji tag-perlowa\">\n\t\t\t\t<div data-elementor-type=\"loop\" data-elementor-id=\"1263\" class=\"elementor elementor-1263 post-4365 miejsca_inspiracji type-miejsca_inspiracji status-publish has-post-thumbnail hentry category-miejsca-inspiracji tag-perlowa\" data-elementor-settings=\"{&quot;ha_cmc_init_switcher&quot;:&quot;no&quot;}\" data-elementor-post-type=\"elementor_library\">\n\t\t\t\t\t<section data-ha-element-link=\"{&quot;url&quot;:&quot;https:\\\/\\\/miastoinspiracji.lublin.eu\\\/en\\\/miejsca-inspiracji\\\/perlowa-pijalnia-piwa\\\/&quot;,&quot;is_external&quot;:&quot;&quot;,&quot;nofollow&quot;:&quot;&quot;}\" style=\"cursor: pointer\" class=\"elementor-section elementor-top-section elementor-element elementor-element-b501e25 elementor-section-full_width elementor-section-height-default elementor-section-height-default\" data-id=\"b501e25\" data-element_type=\"section\" data-settings=\"{&quot;background_background&quot;:&quot;classic&quot;,&quot;_ha_eqh_enable&quot;:false}\">\n\t\t\t\t\t\t<div class=\"elementor-container elementor-column-gap-default\">\n\t\t\t\t\t<div class=\"elementor-column elementor-col-100 elementor-top-column elementor-element elementor-element-700e3fd\" data-id=\"700e3fd\" data-element_type=\"column\">\n\t\t\t<div class=\"elementor-widget-wrap elementor-element-populated\">\n\t\t\t\t\t\t<div class=\"elementor-element elementor-element-b5dce2d elementor-widget elementor-widget-image\" data-id=\"b5dce2d\" data-element_type=\"widget\" data-widget_type=\"image.default\">\n\t\t\t\t<div class=\"elementor-widget-container\">\n\t\t\t\t\t\t\t\t\t\t\t\t\t\t\t\t<a href=\"https:\/\/miastoinspiracji.lublin.eu\/en\/miejsca-inspiracji\/perlowa-pijalnia-piwa\/\">\n\t\t\t\t\t\t\t<img decoding=\"async\" src=\"https:\/\/miastoinspiracji.lublin.eu\/wp-content\/uploads\/elementor\/thumbs\/Wnetrze-Perlowej-Pijalni-Piwa_2-Copy-pr13t6i1uqz6bejlrh7ftw5739ykrof37r9yxrsxw4.jpg\" title=\"Wn\u0119trze Per\u0142owej Pijalni Piwa_2 (Copy)\" alt=\"Per\u0142owa Pijalnia Piwa\" loading=\"lazy\" \/>\t\t\t\t\t\t\t\t<\/a>\n\t\t\t\t\t\t\t\t\t\t\t\t\t\t\t<\/div>\n\t\t\t\t<\/div>\n\t\t\t\t<div class=\"elementor-element elementor-element-5262a160 elementor-widget elementor-widget-theme-post-title elementor-page-title elementor-widget-heading\" data-id=\"5262a160\" data-element_type=\"widget\" data-widget_type=\"theme-post-title.default\">\n\t\t\t\t<div class=\"elementor-widget-container\">\n\t\t\t\t\t<h4 class=\"elementor-heading-title elementor-size-default\"><a href=\"https:\/\/miastoinspiracji.lublin.eu\/en\/miejsca-inspiracji\/perlowa-pijalnia-piwa\/\">Per\u0142owa Pijalnia Piwa<\/a><\/h4>\t\t\t\t<\/div>\n\t\t\t\t<\/div>\n\t\t\t\t\t<\/div>\n\t\t<\/div>\n\t\t\t\t\t<\/div>\n\t\t<\/section>\n\t\t\t\t<\/div>\n\t\t\t\t<\/article>\n\t\t\t\t<article id=\"post-3690\" class=\"elementor-post elementor-grid-item ecs-post-loop post-3690 miejsca_inspiracji type-miejsca_inspiracji status-publish has-post-thumbnail hentry category-miejsca-inspiracji tag-mandragora\">\n\t\t\t\t<div data-elementor-type=\"loop\" data-elementor-id=\"1263\" class=\"elementor elementor-1263 post-3690 miejsca_inspiracji type-miejsca_inspiracji status-publish has-post-thumbnail hentry category-miejsca-inspiracji tag-mandragora\" data-elementor-settings=\"{&quot;ha_cmc_init_switcher&quot;:&quot;no&quot;}\" data-elementor-post-type=\"elementor_library\">\n\t\t\t\t\t<section data-ha-element-link=\"{&quot;url&quot;:&quot;https:\\\/\\\/miastoinspiracji.lublin.eu\\\/en\\\/miejsca-inspiracji\\\/mandragora-restauracja-zydowska\\\/&quot;,&quot;is_external&quot;:&quot;&quot;,&quot;nofollow&quot;:&quot;&quot;}\" style=\"cursor: pointer\" class=\"elementor-section elementor-top-section elementor-element elementor-element-b501e25 elementor-section-full_width elementor-section-height-default elementor-section-height-default\" data-id=\"b501e25\" data-element_type=\"section\" data-settings=\"{&quot;background_background&quot;:&quot;classic&quot;,&quot;_ha_eqh_enable&quot;:false}\">\n\t\t\t\t\t\t<div class=\"elementor-container elementor-column-gap-default\">\n\t\t\t\t\t<div class=\"elementor-column elementor-col-100 elementor-top-column elementor-element elementor-element-700e3fd\" data-id=\"700e3fd\" data-element_type=\"column\">\n\t\t\t<div class=\"elementor-widget-wrap elementor-element-populated\">\n\t\t\t\t\t\t<div class=\"elementor-element elementor-element-b5dce2d elementor-widget elementor-widget-image\" data-id=\"b5dce2d\" data-element_type=\"widget\" data-widget_type=\"image.default\">\n\t\t\t\t<div class=\"elementor-widget-container\">\n\t\t\t\t\t\t\t\t\t\t\t\t\t\t\t\t<a href=\"https:\/\/miastoinspiracji.lublin.eu\/en\/miejsca-inspiracji\/mandragora-restauracja-zydowska\/\">\n\t\t\t\t\t\t\t<img decoding=\"async\" src=\"https:\/\/miastoinspiracji.lublin.eu\/wp-content\/uploads\/elementor\/thumbs\/MANDRAGORA-7-Copy-pldhn5zltgx0xxpbqso9o3xswojame8fx95ozo8710.jpg\" title=\"Mandragora\" alt=\"Restauracja Mandragora\" loading=\"lazy\" \/>\t\t\t\t\t\t\t\t<\/a>\n\t\t\t\t\t\t\t\t\t\t\t\t\t\t\t<\/div>\n\t\t\t\t<\/div>\n\t\t\t\t<div class=\"elementor-element elementor-element-5262a160 elementor-widget elementor-widget-theme-post-title elementor-page-title elementor-widget-heading\" data-id=\"5262a160\" data-element_type=\"widget\" data-widget_type=\"theme-post-title.default\">\n\t\t\t\t<div class=\"elementor-widget-container\">\n\t\t\t\t\t<h4 class=\"elementor-heading-title elementor-size-default\"><a href=\"https:\/\/miastoinspiracji.lublin.eu\/en\/miejsca-inspiracji\/mandragora-restauracja-zydowska\/\">Mandragora Jewish Restaurant<\/a><\/h4>\t\t\t\t<\/div>\n\t\t\t\t<\/div>\n\t\t\t\t\t<\/div>\n\t\t<\/div>\n\t\t\t\t\t<\/div>\n\t\t<\/section>\n\t\t\t\t<\/div>\n\t\t\t\t<\/article>\n\t\t\t\t<\/div>\n\t\t\t\t\t\t<\/div>\n\t\t\t\t<\/div>\n\t\t\t\t\t<\/div>\n\t\t<\/div>\n\t\t\t\t\t<\/div>\n\t\t<\/section>\n\t\t\t\t<section class=\"elementor-section elementor-top-section elementor-element elementor-element-442568af elementor-section-boxed elementor-section-height-default elementor-section-height-default\" data-id=\"442568af\" data-element_type=\"section\" data-settings=\"{&quot;_ha_eqh_enable&quot;:false}\">\n\t\t\t\t\t\t<div class=\"elementor-container elementor-column-gap-default\">\n\t\t\t\t\t<div class=\"elementor-column elementor-col-100 elementor-top-column elementor-element elementor-element-28106730\" data-id=\"28106730\" data-element_type=\"column\">\n\t\t\t<div class=\"elementor-widget-wrap elementor-element-populated\">\n\t\t\t\t\t\t<div data-ha-element-link=\"{&quot;url&quot;:&quot;#&quot;,&quot;is_external&quot;:&quot;&quot;,&quot;nofollow&quot;:&quot;&quot;}\" style=\"cursor: pointer\" class=\"elementor-element elementor-element-6310fde1 d2c-up elementor-widget elementor-widget-global elementor-global-1588 elementor-widget-heading\" data-id=\"6310fde1\" data-element_type=\"widget\" data-widget_type=\"heading.default\">\n\t\t\t\t<div class=\"elementor-widget-container\">\n\t\t\t\t\t<h5 class=\"elementor-heading-title elementor-size-default\"><a href=\"#\">go up<\/a><\/h5>\t\t\t\t<\/div>\n\t\t\t\t<\/div>\n\t\t\t\t\t<\/div>\n\t\t<\/div>\n\t\t\t\t\t<\/div>\n\t\t<\/section>\n\t\t\t\t<\/div>","protected":false},"excerpt":{"rendered":"<p>Na dow\u00f3z lub z odbiorem w\u0142asnym. Miejsca Inspiracji dzia\u0142aj\u0105 dla was i dostosowuj\u0105 swoj\u0105 ofert\u0119 do obecnych warunk\u00f3w.<\/p>","protected":false},"author":4,"featured_media":9156,"comment_status":"open","ping_status":"open","sticky":false,"template":"elementor_header_footer","format":"standard","meta":{"_acf_changed":false,"footnotes":""},"categories":[19],"tags":[],"class_list":["post-9155","post","type-post","status-publish","format-standard","has-post-thumbnail","hentry","category-miejsca-inspiracji"],"acf":[],"yoast_head":"<!-- This site is optimized with the Yoast SEO plugin v26.5 - https:\/\/yoast.com\/wordpress\/plugins\/seo\/ -->\n<title>Miejsca Inspiracji z dowozem i na wynos - Miasto Inspiracji<\/title>\n<meta name=\"description\" content=\"Lublin to prawdziwe Miasto Inspiracji. Poznaj Miejsca Inspiracji i sprawd\u017a, gdzie Przewodnicy Inspiracji poprowadz\u0105 ci\u0119, gdy trwa Sezon Lublin!\" \/>\n<meta name=\"robots\" content=\"index, follow, max-snippet:-1, max-image-preview:large, max-video-preview:-1\" \/>\n<link rel=\"canonical\" href=\"https:\/\/miastoinspiracji.lublin.eu\/en\/miejsca-inspiracji\/miejsca-inspiracji-z-dowozem-i-na-wynos\/\" \/>\n<meta property=\"og:locale\" content=\"en_GB\" \/>\n<meta property=\"og:type\" content=\"article\" \/>\n<meta property=\"og:title\" content=\"Miejsca Inspiracji z dowozem i na wynos - Miasto Inspiracji\" \/>\n<meta property=\"og:description\" content=\"Lublin to prawdziwe Miasto Inspiracji. Poznaj Miejsca Inspiracji i sprawd\u017a, gdzie Przewodnicy Inspiracji poprowadz\u0105 ci\u0119, gdy trwa Sezon Lublin!\" \/>\n<meta property=\"og:url\" content=\"https:\/\/miastoinspiracji.lublin.eu\/en\/miejsca-inspiracji\/miejsca-inspiracji-z-dowozem-i-na-wynos\/\" \/>\n<meta property=\"og:site_name\" content=\"Miasto Inspiracji\" \/>\n<meta property=\"article:publisher\" content=\"https:\/\/www.facebook.com\/turystycznylublin\" \/>\n<meta property=\"article:published_time\" content=\"2020-10-26T14:51:23+00:00\" \/>\n<meta property=\"article:modified_time\" content=\"2020-11-03T08:55:41+00:00\" \/>\n<meta property=\"og:image\" content=\"https:\/\/miastoinspiracji.lublin.eu\/wp-content\/uploads\/2020\/10\/perlowa_pijalnia_piwa_danie.1l1qUwmGfZlOE6tCTiHtf.jpg\" \/>\n\t<meta property=\"og:image:width\" content=\"670\" \/>\n\t<meta property=\"og:image:height\" content=\"440\" \/>\n\t<meta property=\"og:image:type\" content=\"image\/jpeg\" \/>\n<meta name=\"author\" content=\"Dagmara Wawrzusiszyn\" \/>\n<meta name=\"twitter:card\" content=\"summary_large_image\" \/>\n<meta name=\"twitter:creator\" content=\"@miasto_lublin\" \/>\n<meta name=\"twitter:site\" content=\"@miasto_lublin\" \/>\n<meta name=\"twitter:label1\" content=\"Written by\" \/>\n\t<meta name=\"twitter:data1\" content=\"Dagmara Wawrzusiszyn\" \/>\n\t<meta name=\"twitter:label2\" content=\"Estimated reading time\" \/>\n\t<meta name=\"twitter:data2\" content=\"1 minute\" \/>\n<script type=\"application\/ld+json\" class=\"yoast-schema-graph\">{\"@context\":\"https:\/\/schema.org\",\"@graph\":[{\"@type\":\"Article\",\"@id\":\"https:\/\/miastoinspiracji.lublin.eu\/en\/miejsca-inspiracji\/miejsca-inspiracji-z-dowozem-i-na-wynos\/#article\",\"isPartOf\":{\"@id\":\"https:\/\/miastoinspiracji.lublin.eu\/en\/miejsca-inspiracji\/miejsca-inspiracji-z-dowozem-i-na-wynos\/\"},\"author\":{\"name\":\"Dagmara Wawrzusiszyn\",\"@id\":\"https:\/\/miastoinspiracji.lublin.eu\/en\/#\/schema\/person\/a3d44e467a806041005b048c1ff63660\"},\"headline\":\"Miejsca Inspiracji z dowozem i na wynos\",\"datePublished\":\"2020-10-26T14:51:23+00:00\",\"dateModified\":\"2020-11-03T08:55:41+00:00\",\"mainEntityOfPage\":{\"@id\":\"https:\/\/miastoinspiracji.lublin.eu\/en\/miejsca-inspiracji\/miejsca-inspiracji-z-dowozem-i-na-wynos\/\"},\"wordCount\":237,\"commentCount\":0,\"publisher\":{\"@id\":\"https:\/\/miastoinspiracji.lublin.eu\/en\/#organization\"},\"image\":{\"@id\":\"https:\/\/miastoinspiracji.lublin.eu\/en\/miejsca-inspiracji\/miejsca-inspiracji-z-dowozem-i-na-wynos\/#primaryimage\"},\"thumbnailUrl\":\"https:\/\/miastoinspiracji.lublin.eu\/wp-content\/uploads\/2020\/10\/perlowa_pijalnia_piwa_danie.1l1qUwmGfZlOE6tCTiHtf.jpg\",\"articleSection\":[\"Miejsca Inspiracji\"],\"inLanguage\":\"en-GB\"},{\"@type\":\"WebPage\",\"@id\":\"https:\/\/miastoinspiracji.lublin.eu\/en\/miejsca-inspiracji\/miejsca-inspiracji-z-dowozem-i-na-wynos\/\",\"url\":\"https:\/\/miastoinspiracji.lublin.eu\/en\/miejsca-inspiracji\/miejsca-inspiracji-z-dowozem-i-na-wynos\/\",\"name\":\"Miejsca Inspiracji z dowozem i na wynos - Miasto Inspiracji\",\"isPartOf\":{\"@id\":\"https:\/\/miastoinspiracji.lublin.eu\/en\/#website\"},\"primaryImageOfPage\":{\"@id\":\"https:\/\/miastoinspiracji.lublin.eu\/en\/miejsca-inspiracji\/miejsca-inspiracji-z-dowozem-i-na-wynos\/#primaryimage\"},\"image\":{\"@id\":\"https:\/\/miastoinspiracji.lublin.eu\/en\/miejsca-inspiracji\/miejsca-inspiracji-z-dowozem-i-na-wynos\/#primaryimage\"},\"thumbnailUrl\":\"https:\/\/miastoinspiracji.lublin.eu\/wp-content\/uploads\/2020\/10\/perlowa_pijalnia_piwa_danie.1l1qUwmGfZlOE6tCTiHtf.jpg\",\"datePublished\":\"2020-10-26T14:51:23+00:00\",\"dateModified\":\"2020-11-03T08:55:41+00:00\",\"description\":\"Lublin to prawdziwe Miasto Inspiracji. Poznaj Miejsca Inspiracji i sprawd\u017a, gdzie Przewodnicy Inspiracji poprowadz\u0105 ci\u0119, gdy trwa Sezon Lublin!\",\"breadcrumb\":{\"@id\":\"https:\/\/miastoinspiracji.lublin.eu\/en\/miejsca-inspiracji\/miejsca-inspiracji-z-dowozem-i-na-wynos\/#breadcrumb\"},\"inLanguage\":\"en-GB\",\"potentialAction\":[{\"@type\":\"ReadAction\",\"target\":[\"https:\/\/miastoinspiracji.lublin.eu\/en\/miejsca-inspiracji\/miejsca-inspiracji-z-dowozem-i-na-wynos\/\"]}]},{\"@type\":\"ImageObject\",\"inLanguage\":\"en-GB\",\"@id\":\"https:\/\/miastoinspiracji.lublin.eu\/en\/miejsca-inspiracji\/miejsca-inspiracji-z-dowozem-i-na-wynos\/#primaryimage\",\"url\":\"https:\/\/miastoinspiracji.lublin.eu\/wp-content\/uploads\/2020\/10\/perlowa_pijalnia_piwa_danie.1l1qUwmGfZlOE6tCTiHtf.jpg\",\"contentUrl\":\"https:\/\/miastoinspiracji.lublin.eu\/wp-content\/uploads\/2020\/10\/perlowa_pijalnia_piwa_danie.1l1qUwmGfZlOE6tCTiHtf.jpg\",\"width\":670,\"height\":440,\"caption\":\"Talerz z pierogami i warzywami. Widok z g\u00f3ry.\"},{\"@type\":\"BreadcrumbList\",\"@id\":\"https:\/\/miastoinspiracji.lublin.eu\/en\/miejsca-inspiracji\/miejsca-inspiracji-z-dowozem-i-na-wynos\/#breadcrumb\",\"itemListElement\":[{\"@type\":\"ListItem\",\"position\":1,\"name\":\"Strona g\u0142\u00f3wna\",\"item\":\"https:\/\/miastoinspiracji.lublin.eu\/\"},{\"@type\":\"ListItem\",\"position\":2,\"name\":\"Miejsca Inspiracji z dowozem i na wynos\"}]},{\"@type\":\"WebSite\",\"@id\":\"https:\/\/miastoinspiracji.lublin.eu\/en\/#website\",\"url\":\"https:\/\/miastoinspiracji.lublin.eu\/en\/\",\"name\":\"Miasto Inspiracji\",\"description\":\"Programy inspiracji Miasta Lublin\",\"publisher\":{\"@id\":\"https:\/\/miastoinspiracji.lublin.eu\/en\/#organization\"},\"potentialAction\":[{\"@type\":\"SearchAction\",\"target\":{\"@type\":\"EntryPoint\",\"urlTemplate\":\"https:\/\/miastoinspiracji.lublin.eu\/en\/?s={search_term_string}\"},\"query-input\":{\"@type\":\"PropertyValueSpecification\",\"valueRequired\":true,\"valueName\":\"search_term_string\"}}],\"inLanguage\":\"en-GB\"},{\"@type\":\"Organization\",\"@id\":\"https:\/\/miastoinspiracji.lublin.eu\/en\/#organization\",\"name\":\"Urz\u0105d Miasta Lublin\",\"url\":\"https:\/\/miastoinspiracji.lublin.eu\/en\/\",\"logo\":{\"@type\":\"ImageObject\",\"inLanguage\":\"en-GB\",\"@id\":\"https:\/\/miastoinspiracji.lublin.eu\/en\/#\/schema\/logo\/image\/\",\"url\":\"https:\/\/miastoinspiracji.lublin.eu\/wp-content\/uploads\/2020\/08\/favicon.png\",\"contentUrl\":\"https:\/\/miastoinspiracji.lublin.eu\/wp-content\/uploads\/2020\/08\/favicon.png\",\"width\":512,\"height\":512,\"caption\":\"Urz\u0105d Miasta Lublin\"},\"image\":{\"@id\":\"https:\/\/miastoinspiracji.lublin.eu\/en\/#\/schema\/logo\/image\/\"},\"sameAs\":[\"https:\/\/www.facebook.com\/turystycznylublin\",\"https:\/\/x.com\/miasto_lublin\",\"https:\/\/www.instagram.com\/turystycznylublin\/\",\"https:\/\/www.linkedin.com\/company\/urzad-miasta-lublin\/\",\"https:\/\/www.youtube.com\/channel\/UC7ALjgzz6oUurAOsgdKsN7A\",\"https:\/\/pl.wikipedia.org\/wiki\/Lublin\"]},{\"@type\":\"Person\",\"@id\":\"https:\/\/miastoinspiracji.lublin.eu\/en\/#\/schema\/person\/a3d44e467a806041005b048c1ff63660\",\"name\":\"Dagmara Wawrzusiszyn\",\"image\":{\"@type\":\"ImageObject\",\"inLanguage\":\"en-GB\",\"@id\":\"https:\/\/miastoinspiracji.lublin.eu\/en\/#\/schema\/person\/image\/\",\"url\":\"https:\/\/secure.gravatar.com\/avatar\/ac23959f9d17f915c99efdab14d2f6b1a7407e1bf02e9b0ce78296229b0407d5?s=96&d=mm&r=g\",\"contentUrl\":\"https:\/\/secure.gravatar.com\/avatar\/ac23959f9d17f915c99efdab14d2f6b1a7407e1bf02e9b0ce78296229b0407d5?s=96&d=mm&r=g\",\"caption\":\"Dagmara Wawrzusiszyn\"}}]}<\/script>\n<!-- \/ Yoast SEO plugin. -->","yoast_head_json":{"title":"Miejsca Inspiracji z dowozem i na wynos - Miasto Inspiracji","description":"Lublin to prawdziwe Miasto Inspiracji. Poznaj Miejsca Inspiracji i sprawd\u017a, gdzie Przewodnicy Inspiracji poprowadz\u0105 ci\u0119, gdy trwa Sezon Lublin!","robots":{"index":"index","follow":"follow","max-snippet":"max-snippet:-1","max-image-preview":"max-image-preview:large","max-video-preview":"max-video-preview:-1"},"canonical":"https:\/\/miastoinspiracji.lublin.eu\/en\/miejsca-inspiracji\/miejsca-inspiracji-z-dowozem-i-na-wynos\/","og_locale":"en_GB","og_type":"article","og_title":"Miejsca Inspiracji z dowozem i na wynos - Miasto Inspiracji","og_description":"Lublin to prawdziwe Miasto Inspiracji. Poznaj Miejsca Inspiracji i sprawd\u017a, gdzie Przewodnicy Inspiracji poprowadz\u0105 ci\u0119, gdy trwa Sezon Lublin!","og_url":"https:\/\/miastoinspiracji.lublin.eu\/en\/miejsca-inspiracji\/miejsca-inspiracji-z-dowozem-i-na-wynos\/","og_site_name":"Miasto Inspiracji","article_publisher":"https:\/\/www.facebook.com\/turystycznylublin","article_published_time":"2020-10-26T14:51:23+00:00","article_modified_time":"2020-11-03T08:55:41+00:00","og_image":[{"width":670,"height":440,"url":"https:\/\/miastoinspiracji.lublin.eu\/wp-content\/uploads\/2020\/10\/perlowa_pijalnia_piwa_danie.1l1qUwmGfZlOE6tCTiHtf.jpg","type":"image\/jpeg"}],"author":"Dagmara Wawrzusiszyn","twitter_card":"summary_large_image","twitter_creator":"@miasto_lublin","twitter_site":"@miasto_lublin","twitter_misc":{"Written by":"Dagmara Wawrzusiszyn","Estimated reading time":"1 minute"},"schema":{"@context":"https:\/\/schema.org","@graph":[{"@type":"Article","@id":"https:\/\/miastoinspiracji.lublin.eu\/en\/miejsca-inspiracji\/miejsca-inspiracji-z-dowozem-i-na-wynos\/#article","isPartOf":{"@id":"https:\/\/miastoinspiracji.lublin.eu\/en\/miejsca-inspiracji\/miejsca-inspiracji-z-dowozem-i-na-wynos\/"},"author":{"name":"Dagmara Wawrzusiszyn","@id":"https:\/\/miastoinspiracji.lublin.eu\/en\/#\/schema\/person\/a3d44e467a806041005b048c1ff63660"},"headline":"Miejsca Inspiracji z dowozem i na wynos","datePublished":"2020-10-26T14:51:23+00:00","dateModified":"2020-11-03T08:55:41+00:00","mainEntityOfPage":{"@id":"https:\/\/miastoinspiracji.lublin.eu\/en\/miejsca-inspiracji\/miejsca-inspiracji-z-dowozem-i-na-wynos\/"},"wordCount":237,"commentCount":0,"publisher":{"@id":"https:\/\/miastoinspiracji.lublin.eu\/en\/#organization"},"image":{"@id":"https:\/\/miastoinspiracji.lublin.eu\/en\/miejsca-inspiracji\/miejsca-inspiracji-z-dowozem-i-na-wynos\/#primaryimage"},"thumbnailUrl":"https:\/\/miastoinspiracji.lublin.eu\/wp-content\/uploads\/2020\/10\/perlowa_pijalnia_piwa_danie.1l1qUwmGfZlOE6tCTiHtf.jpg","articleSection":["Miejsca Inspiracji"],"inLanguage":"en-GB"},{"@type":"WebPage","@id":"https:\/\/miastoinspiracji.lublin.eu\/en\/miejsca-inspiracji\/miejsca-inspiracji-z-dowozem-i-na-wynos\/","url":"https:\/\/miastoinspiracji.lublin.eu\/en\/miejsca-inspiracji\/miejsca-inspiracji-z-dowozem-i-na-wynos\/","name":"Miejsca Inspiracji z dowozem i na wynos - Miasto Inspiracji","isPartOf":{"@id":"https:\/\/miastoinspiracji.lublin.eu\/en\/#website"},"primaryImageOfPage":{"@id":"https:\/\/miastoinspiracji.lublin.eu\/en\/miejsca-inspiracji\/miejsca-inspiracji-z-dowozem-i-na-wynos\/#primaryimage"},"image":{"@id":"https:\/\/miastoinspiracji.lublin.eu\/en\/miejsca-inspiracji\/miejsca-inspiracji-z-dowozem-i-na-wynos\/#primaryimage"},"thumbnailUrl":"https:\/\/miastoinspiracji.lublin.eu\/wp-content\/uploads\/2020\/10\/perlowa_pijalnia_piwa_danie.1l1qUwmGfZlOE6tCTiHtf.jpg","datePublished":"2020-10-26T14:51:23+00:00","dateModified":"2020-11-03T08:55:41+00:00","description":"Lublin to prawdziwe Miasto Inspiracji. Poznaj Miejsca Inspiracji i sprawd\u017a, gdzie Przewodnicy Inspiracji poprowadz\u0105 ci\u0119, gdy trwa Sezon Lublin!","breadcrumb":{"@id":"https:\/\/miastoinspiracji.lublin.eu\/en\/miejsca-inspiracji\/miejsca-inspiracji-z-dowozem-i-na-wynos\/#breadcrumb"},"inLanguage":"en-GB","potentialAction":[{"@type":"ReadAction","target":["https:\/\/miastoinspiracji.lublin.eu\/en\/miejsca-inspiracji\/miejsca-inspiracji-z-dowozem-i-na-wynos\/"]}]},{"@type":"ImageObject","inLanguage":"en-GB","@id":"https:\/\/miastoinspiracji.lublin.eu\/en\/miejsca-inspiracji\/miejsca-inspiracji-z-dowozem-i-na-wynos\/#primaryimage","url":"https:\/\/miastoinspiracji.lublin.eu\/wp-content\/uploads\/2020\/10\/perlowa_pijalnia_piwa_danie.1l1qUwmGfZlOE6tCTiHtf.jpg","contentUrl":"https:\/\/miastoinspiracji.lublin.eu\/wp-content\/uploads\/2020\/10\/perlowa_pijalnia_piwa_danie.1l1qUwmGfZlOE6tCTiHtf.jpg","width":670,"height":440,"caption":"Talerz z pierogami i warzywami. Widok z g\u00f3ry."},{"@type":"BreadcrumbList","@id":"https:\/\/miastoinspiracji.lublin.eu\/en\/miejsca-inspiracji\/miejsca-inspiracji-z-dowozem-i-na-wynos\/#breadcrumb","itemListElement":[{"@type":"ListItem","position":1,"name":"Strona g\u0142\u00f3wna","item":"https:\/\/miastoinspiracji.lublin.eu\/"},{"@type":"ListItem","position":2,"name":"Miejsca Inspiracji z dowozem i na wynos"}]},{"@type":"WebSite","@id":"https:\/\/miastoinspiracji.lublin.eu\/en\/#website","url":"https:\/\/miastoinspiracji.lublin.eu\/en\/","name":"Miasto Inspiracji","description":"Programy inspiracji Miasta Lublin","publisher":{"@id":"https:\/\/miastoinspiracji.lublin.eu\/en\/#organization"},"potentialAction":[{"@type":"SearchAction","target":{"@type":"EntryPoint","urlTemplate":"https:\/\/miastoinspiracji.lublin.eu\/en\/?s={search_term_string}"},"query-input":{"@type":"PropertyValueSpecification","valueRequired":true,"valueName":"search_term_string"}}],"inLanguage":"en-GB"},{"@type":"Organization","@id":"https:\/\/miastoinspiracji.lublin.eu\/en\/#organization","name":"Urz\u0105d Miasta Lublin","url":"https:\/\/miastoinspiracji.lublin.eu\/en\/","logo":{"@type":"ImageObject","inLanguage":"en-GB","@id":"https:\/\/miastoinspiracji.lublin.eu\/en\/#\/schema\/logo\/image\/","url":"https:\/\/miastoinspiracji.lublin.eu\/wp-content\/uploads\/2020\/08\/favicon.png","contentUrl":"https:\/\/miastoinspiracji.lublin.eu\/wp-content\/uploads\/2020\/08\/favicon.png","width":512,"height":512,"caption":"Urz\u0105d Miasta Lublin"},"image":{"@id":"https:\/\/miastoinspiracji.lublin.eu\/en\/#\/schema\/logo\/image\/"},"sameAs":["https:\/\/www.facebook.com\/turystycznylublin","https:\/\/x.com\/miasto_lublin","https:\/\/www.instagram.com\/turystycznylublin\/","https:\/\/www.linkedin.com\/company\/urzad-miasta-lublin\/","https:\/\/www.youtube.com\/channel\/UC7ALjgzz6oUurAOsgdKsN7A","https:\/\/pl.wikipedia.org\/wiki\/Lublin"]},{"@type":"Person","@id":"https:\/\/miastoinspiracji.lublin.eu\/en\/#\/schema\/person\/a3d44e467a806041005b048c1ff63660","name":"Dagmara Wawrzusiszyn","image":{"@type":"ImageObject","inLanguage":"en-GB","@id":"https:\/\/miastoinspiracji.lublin.eu\/en\/#\/schema\/person\/image\/","url":"https:\/\/secure.gravatar.com\/avatar\/ac23959f9d17f915c99efdab14d2f6b1a7407e1bf02e9b0ce78296229b0407d5?s=96&d=mm&r=g","contentUrl":"https:\/\/secure.gravatar.com\/avatar\/ac23959f9d17f915c99efdab14d2f6b1a7407e1bf02e9b0ce78296229b0407d5?s=96&d=mm&r=g","caption":"Dagmara Wawrzusiszyn"}}]}},"_links":{"self":[{"href":"https:\/\/miastoinspiracji.lublin.eu\/en\/wp-json\/wp\/v2\/posts\/9155","targetHints":{"allow":["GET"]}}],"collection":[{"href":"https:\/\/miastoinspiracji.lublin.eu\/en\/wp-json\/wp\/v2\/posts"}],"about":[{"href":"https:\/\/miastoinspiracji.lublin.eu\/en\/wp-json\/wp\/v2\/types\/post"}],"author":[{"embeddable":true,"href":"https:\/\/miastoinspiracji.lublin.eu\/en\/wp-json\/wp\/v2\/users\/4"}],"replies":[{"embeddable":true,"href":"https:\/\/miastoinspiracji.lublin.eu\/en\/wp-json\/wp\/v2\/comments?post=9155"}],"version-history":[{"count":9,"href":"https:\/\/miastoinspiracji.lublin.eu\/en\/wp-json\/wp\/v2\/posts\/9155\/revisions"}],"predecessor-version":[{"id":9241,"href":"https:\/\/miastoinspiracji.lublin.eu\/en\/wp-json\/wp\/v2\/posts\/9155\/revisions\/9241"}],"wp:featuredmedia":[{"embeddable":true,"href":"https:\/\/miastoinspiracji.lublin.eu\/en\/wp-json\/wp\/v2\/media\/9156"}],"wp:attachment":[{"href":"https:\/\/miastoinspiracji.lublin.eu\/en\/wp-json\/wp\/v2\/media?parent=9155"}],"wp:term":[{"taxonomy":"category","embeddable":true,"href":"https:\/\/miastoinspiracji.lublin.eu\/en\/wp-json\/wp\/v2\/categories?post=9155"},{"taxonomy":"post_tag","embeddable":true,"href":"https:\/\/miastoinspiracji.lublin.eu\/en\/wp-json\/wp\/v2\/tags?post=9155"}],"curies":[{"name":"wp","href":"https:\/\/api.w.org\/{rel}","templated":true}]}}